{"id":10015,"date":"2025-06-30T14:00:02","date_gmt":"2025-06-30T17:00:02","guid":{"rendered":"https:\/\/ppgartes.eba.ufmg.br\/?p=10015"},"modified":"2025-06-30T14:00:22","modified_gmt":"2025-06-30T17:00:22","slug":"publicado-o-resultado-geral-preliminar-do-processo-seletivo-2025","status":"publish","type":"post","link":"https:\/\/ppgartes.eba.ufmg.br\/?p=10015","title":{"rendered":"Publicado o resultado geral preliminar do Processo Seletivo 2025"},"content":{"rendered":"<p><a href=\"https:\/\/ppgartes.eba.ufmg.br\/wp-content\/uploads\/2025\/06\/Artes-da-Cena_Regular-2025_Resultado-Geral-preliminar.pdf\">Artes da Cena_Regular 2025_Resultado Geral preliminar<\/a><\/p>\n<p><a href=\"https:\/\/ppgartes.eba.ufmg.br\/wp-content\/uploads\/2025\/06\/Artes-Visuais_Regular-2025_Resultado-Geral-Preliminar.pdf\">Artes Visuais_Regular 2025_Resultado Geral Preliminar<\/a><\/p>\n<p><a href=\"https:\/\/ppgartes.eba.ufmg.br\/wp-content\/uploads\/2025\/06\/Cinema_Regular-2025_Resultado-Geral-Preliminar.pdf\">Cinema_Regular 2025_Resultado Geral Preliminar<\/a><\/p>\n<p><a href=\"https:\/\/ppgartes.eba.ufmg.br\/wp-content\/uploads\/2025\/06\/Ensino-Aprendizagem-em-Arte_Regular-2025_Resultado-Geral-Preliminar.pdf\">Ensino-Aprendizagem em Arte_Regular 2025_Resultado Geral Preliminar<\/a><\/p>\n<p><a href=\"https:\/\/ppgartes.eba.ufmg.br\/wp-content\/uploads\/2025\/06\/Ensino-Aprendizagem-em-Arte_Suplementar-2025_Resultado-Geral-Preliminar.pdf\">Ensino-Aprendizagem em Arte_Suplementar 2025_Resultado Geral Preliminar<\/a><\/p>\n<p><a href=\"https:\/\/ppgartes.eba.ufmg.br\/wp-content\/uploads\/2025\/06\/Poeticas-Tecnologicas_Regular-2025_Resultado-Geral-Preliminar.pdf\">Po\u00e9ticas Tecnol\u00f3gicas_Regular 2025_Resultado Geral Preliminar<\/a><\/p>\n<p><a href=\"https:\/\/ppgartes.eba.ufmg.br\/wp-content\/uploads\/2025\/06\/Preservacao-do-Patrimonio-Cultural_Regular_Resultado-Geral-Preliminar.pdf\">Preserva\u00e7\u00e3o do Patrim\u00f4nio Cultural_Regular_Resultado Geral Preliminar<\/a><\/p>\n","protected":false},"excerpt":{"rendered":"<p>Artes da Cena_Regular 2025_Resultado Geral preliminar Artes Visuais_Regular 2025_Resultado Geral Preliminar Cinema_Regular 2025_Resultado Geral Preliminar Ensino-Aprendizagem em Arte_Regular 2025_Resultado Geral Preliminar Ensino-Aprendizagem em Arte_Suplementar 2025_Resultado Geral Preliminar Po\u00e9ticas Tecnol\u00f3gicas_Regular 2025_Resultado Geral Preliminar Preserva\u00e7\u00e3o do Patrim\u00f4nio Cultural_Regular_Resultado Geral Preliminar<\/p>\n","protected":false},"author":1,"featured_media":9747,"comment_status":"open","ping_status":"open","sticky":false,"template":"","format":"standard","meta":{"footnotes":""},"categories":[1],"tags":[],"class_list":["post-10015","post","type-post","status-publish","format-standard","has-post-thumbnail","hentry","category-sem-categoria"],"_links":{"self":[{"href":"https:\/\/ppgartes.eba.ufmg.br\/index.php?rest_route=\/wp\/v2\/posts\/10015","targetHints":{"allow":["GET"]}}],"collection":[{"href":"https:\/\/ppgartes.eba.ufmg.br\/index.php?rest_route=\/wp\/v2\/posts"}],"about":[{"href":"https:\/\/ppgartes.eba.ufmg.br\/index.php?rest_route=\/wp\/v2\/types\/post"}],"author":[{"embeddable":true,"href":"https:\/\/ppgartes.eba.ufmg.br\/index.php?rest_route=\/wp\/v2\/users\/1"}],"replies":[{"embeddable":true,"href":"https:\/\/ppgartes.eba.ufmg.br\/index.php?rest_route=%2Fwp%2Fv2%2Fcomments&post=10015"}],"version-history":[{"count":1,"href":"https:\/\/ppgartes.eba.ufmg.br\/index.php?rest_route=\/wp\/v2\/posts\/10015\/revisions"}],"predecessor-version":[{"id":10023,"href":"https:\/\/ppgartes.eba.ufmg.br\/index.php?rest_route=\/wp\/v2\/posts\/10015\/revisions\/10023"}],"wp:featuredmedia":[{"embeddable":true,"href":"https:\/\/ppgartes.eba.ufmg.br\/index.php?rest_route=\/wp\/v2\/media\/9747"}],"wp:attachment":[{"href":"https:\/\/ppgartes.eba.ufmg.br\/index.php?rest_route=%2Fwp%2Fv2%2Fmedia&parent=10015"}],"wp:term":[{"taxonomy":"category","embeddable":true,"href":"https:\/\/ppgartes.eba.ufmg.br\/index.php?rest_route=%2Fwp%2Fv2%2Fcategories&post=10015"},{"taxonomy":"post_tag","embeddable":true,"href":"https:\/\/ppgartes.eba.ufmg.br\/index.php?rest_route=%2Fwp%2Fv2%2Ftags&post=10015"}],"curies":[{"name":"wp","href":"https:\/\/api.w.org\/{rel}","templated":true}]}}