{"id":10084,"date":"2025-08-11T13:15:56","date_gmt":"2025-08-11T16:15:56","guid":{"rendered":"https:\/\/ppgartes.eba.ufmg.br\/?p=10084"},"modified":"2025-08-11T13:15:56","modified_gmt":"2025-08-11T16:15:56","slug":"convite-para-defesa-de-mestrado-de-bruno-cerezoli-de-castro","status":"publish","type":"post","link":"https:\/\/ppgartes.eba.ufmg.br\/?p=10084","title":{"rendered":"Convite para Defesa de Mestrado de BRUNO CEREZOLI DE CASTRO"},"content":{"rendered":"<p>A defesa se realizar\u00e1 no dia 11\/08\/2025 \u00e0s 15:00 no Piccolo Teatro Mineiro.<\/p>\n<div dir=\"ltr\">\n<div dir=\"ltr\">\n<div>Abaixo o link da trilha original que foi produzida para o filme.<\/div>\n<div><\/div>\n<div><a href=\"https:\/\/youtu.be\/FhvYJ9JaLSg?si=msTp5i-ui_szllGm\">https:\/\/youtu.be\/FhvYJ9JaLSg?si=msTp5i-ui_szllGm<\/a><\/div>\n<div><\/div>\n<div>A defesa ter\u00e1 a participa\u00e7\u00e3o online da Prof. N\u00e1dia Luciani e ser\u00e1 presencial no Piccolo Teatro Mineiro, para os demais.<\/div>\n<div><\/div>\n<div><a href=\"https:\/\/ppgartes.eba.ufmg.br\/wp-content\/uploads\/2025\/08\/Dissertacao_Backstage-Influencias-da-execucao-tecnica-de-bastidores-na-cena-contemporanea-de-Belo-Horizonte.pdf\">Dissertacao_Backstage Influ\u00eancias da execu\u00e7\u00e3o t\u00e9cnica de bastidores na cena contempor\u00e2nea de Belo Horizonte<\/a><\/div>\n<div><\/div>\n<\/div>\n<div><a ref=\"magnificPopup\" href=\"https:\/\/ppgartes.eba.ufmg.br\/wp-content\/uploads\/2025\/08\/Convite-Defesa-Mestrado.jpg\"><img loading=\"lazy\" decoding=\"async\" class=\"alignleft size-large wp-image-10082\" src=\"https:\/\/ppgartes.eba.ufmg.br\/wp-content\/uploads\/2025\/08\/Convite-Defesa-Mestrado-576x1024.jpg\" alt=\"\" width=\"576\" height=\"1024\" srcset=\"https:\/\/ppgartes.eba.ufmg.br\/wp-content\/uploads\/2025\/08\/Convite-Defesa-Mestrado-576x1024.jpg 576w, https:\/\/ppgartes.eba.ufmg.br\/wp-content\/uploads\/2025\/08\/Convite-Defesa-Mestrado-169x300.jpg 169w, https:\/\/ppgartes.eba.ufmg.br\/wp-content\/uploads\/2025\/08\/Convite-Defesa-Mestrado.jpg 1080w\" sizes=\"auto, (max-width: 576px) 100vw, 576px\" \/><\/a><\/div>\n<\/div>\n<div><\/div>\n<div><\/div>\n<div><\/div>\n<div><\/div>\n<div><\/div>\n<div><\/div>\n<div><\/div>\n<div><\/div>\n<div><\/div>\n<p>&nbsp;<\/p>\n<p>&nbsp;<\/p>\n","protected":false},"excerpt":{"rendered":"<p>A defesa se realizar\u00e1 no dia 11\/08\/2025 \u00e0s 15:00 no Piccolo Teatro Mineiro. Abaixo o link da trilha original que foi produzida para o filme. https:\/\/youtu.be\/FhvYJ9JaLSg?si=msTp5i-ui_szllGm A defesa ter\u00e1 a participa\u00e7\u00e3o online da Prof. N\u00e1dia Luciani e ser\u00e1 presencial no Piccolo Teatro Mineiro, para os demais. Dissertacao_Backstage Influ\u00eancias da execu\u00e7\u00e3o t\u00e9cnica de bastidores na cena&#8230;<\/p>\n","protected":false},"author":1,"featured_media":10082,"comment_status":"open","ping_status":"open","sticky":false,"template":"","format":"standard","meta":{"footnotes":""},"categories":[1],"tags":[],"class_list":["post-10084","post","type-post","status-publish","format-standard","has-post-thumbnail","hentry","category-sem-categoria"],"_links":{"self":[{"href":"https:\/\/ppgartes.eba.ufmg.br\/index.php?rest_route=\/wp\/v2\/posts\/10084","targetHints":{"allow":["GET"]}}],"collection":[{"href":"https:\/\/ppgartes.eba.ufmg.br\/index.php?rest_route=\/wp\/v2\/posts"}],"about":[{"href":"https:\/\/ppgartes.eba.ufmg.br\/index.php?rest_route=\/wp\/v2\/types\/post"}],"author":[{"embeddable":true,"href":"https:\/\/ppgartes.eba.ufmg.br\/index.php?rest_route=\/wp\/v2\/users\/1"}],"replies":[{"embeddable":true,"href":"https:\/\/ppgartes.eba.ufmg.br\/index.php?rest_route=%2Fwp%2Fv2%2Fcomments&post=10084"}],"version-history":[{"count":1,"href":"https:\/\/ppgartes.eba.ufmg.br\/index.php?rest_route=\/wp\/v2\/posts\/10084\/revisions"}],"predecessor-version":[{"id":10085,"href":"https:\/\/ppgartes.eba.ufmg.br\/index.php?rest_route=\/wp\/v2\/posts\/10084\/revisions\/10085"}],"wp:featuredmedia":[{"embeddable":true,"href":"https:\/\/ppgartes.eba.ufmg.br\/index.php?rest_route=\/wp\/v2\/media\/10082"}],"wp:attachment":[{"href":"https:\/\/ppgartes.eba.ufmg.br\/index.php?rest_route=%2Fwp%2Fv2%2Fmedia&parent=10084"}],"wp:term":[{"taxonomy":"category","embeddable":true,"href":"https:\/\/ppgartes.eba.ufmg.br\/index.php?rest_route=%2Fwp%2Fv2%2Fcategories&post=10084"},{"taxonomy":"post_tag","embeddable":true,"href":"https:\/\/ppgartes.eba.ufmg.br\/index.php?rest_route=%2Fwp%2Fv2%2Ftags&post=10084"}],"curies":[{"name":"wp","href":"https:\/\/api.w.org\/{rel}","templated":true}]}}