{"id":10160,"date":"2025-08-26T10:44:33","date_gmt":"2025-08-26T13:44:33","guid":{"rendered":"https:\/\/ppgartes.eba.ufmg.br\/?p=10160"},"modified":"2025-08-26T10:44:33","modified_gmt":"2025-08-26T13:44:33","slug":"exposicao-mascaras","status":"publish","type":"post","link":"https:\/\/ppgartes.eba.ufmg.br\/?p=10160","title":{"rendered":"Exposi\u00e7\u00e3o M\u00e1scaras"},"content":{"rendered":"<p>Exposi\u00e7\u00e3o aberta at\u00e9 o dia 11\/9, na Galeria da EBA-UFMG, Campus Pampulha-UFMG.<br \/>\nRealiza\u00e7\u00e3o: Grupo LAPA-UFMG<br \/>\nCuradoria: Bya Braga e Daniel Ducato.<\/p>\n<p><a ref=\"magnificPopup\" href=\"https:\/\/ppgartes.eba.ufmg.br\/wp-content\/uploads\/2025\/08\/Mascaras-Bya_page-0001.jpg\"><img loading=\"lazy\" decoding=\"async\" class=\"alignleft size-large wp-image-10161\" src=\"https:\/\/ppgartes.eba.ufmg.br\/wp-content\/uploads\/2025\/08\/Mascaras-Bya_page-0001-725x1024.jpg\" alt=\"\" width=\"725\" height=\"1024\" srcset=\"https:\/\/ppgartes.eba.ufmg.br\/wp-content\/uploads\/2025\/08\/Mascaras-Bya_page-0001-725x1024.jpg 725w, https:\/\/ppgartes.eba.ufmg.br\/wp-content\/uploads\/2025\/08\/Mascaras-Bya_page-0001-212x300.jpg 212w, https:\/\/ppgartes.eba.ufmg.br\/wp-content\/uploads\/2025\/08\/Mascaras-Bya_page-0001.jpg 1759w\" sizes=\"auto, (max-width: 725px) 100vw, 725px\" \/><\/a><\/p>\n","protected":false},"excerpt":{"rendered":"<p>Exposi\u00e7\u00e3o aberta at\u00e9 o dia 11\/9, na Galeria da EBA-UFMG, Campus Pampulha-UFMG. Realiza\u00e7\u00e3o: Grupo LAPA-UFMG Curadoria: Bya Braga e Daniel Ducato.<\/p>\n","protected":false},"author":1,"featured_media":10161,"comment_status":"open","ping_status":"open","sticky":false,"template":"","format":"standard","meta":{"footnotes":""},"categories":[1],"tags":[],"class_list":["post-10160","post","type-post","status-publish","format-standard","has-post-thumbnail","hentry","category-sem-categoria"],"_links":{"self":[{"href":"https:\/\/ppgartes.eba.ufmg.br\/index.php?rest_route=\/wp\/v2\/posts\/10160","targetHints":{"allow":["GET"]}}],"collection":[{"href":"https:\/\/ppgartes.eba.ufmg.br\/index.php?rest_route=\/wp\/v2\/posts"}],"about":[{"href":"https:\/\/ppgartes.eba.ufmg.br\/index.php?rest_route=\/wp\/v2\/types\/post"}],"author":[{"embeddable":true,"href":"https:\/\/ppgartes.eba.ufmg.br\/index.php?rest_route=\/wp\/v2\/users\/1"}],"replies":[{"embeddable":true,"href":"https:\/\/ppgartes.eba.ufmg.br\/index.php?rest_route=%2Fwp%2Fv2%2Fcomments&post=10160"}],"version-history":[{"count":1,"href":"https:\/\/ppgartes.eba.ufmg.br\/index.php?rest_route=\/wp\/v2\/posts\/10160\/revisions"}],"predecessor-version":[{"id":10162,"href":"https:\/\/ppgartes.eba.ufmg.br\/index.php?rest_route=\/wp\/v2\/posts\/10160\/revisions\/10162"}],"wp:featuredmedia":[{"embeddable":true,"href":"https:\/\/ppgartes.eba.ufmg.br\/index.php?rest_route=\/wp\/v2\/media\/10161"}],"wp:attachment":[{"href":"https:\/\/ppgartes.eba.ufmg.br\/index.php?rest_route=%2Fwp%2Fv2%2Fmedia&parent=10160"}],"wp:term":[{"taxonomy":"category","embeddable":true,"href":"https:\/\/ppgartes.eba.ufmg.br\/index.php?rest_route=%2Fwp%2Fv2%2Fcategories&post=10160"},{"taxonomy":"post_tag","embeddable":true,"href":"https:\/\/ppgartes.eba.ufmg.br\/index.php?rest_route=%2Fwp%2Fv2%2Ftags&post=10160"}],"curies":[{"name":"wp","href":"https:\/\/api.w.org\/{rel}","templated":true}]}}