{"id":10182,"date":"2025-09-05T16:57:50","date_gmt":"2025-09-05T19:57:50","guid":{"rendered":"https:\/\/ppgartes.eba.ufmg.br\/?p=10182"},"modified":"2025-10-03T09:17:13","modified_gmt":"2025-10-03T12:17:13","slug":"edital-no-2359-2025-selecao-interna-de-candidatos-a-bolsa-de-doutorado-sanduiche-da-capes-pdse","status":"publish","type":"post","link":"https:\/\/ppgartes.eba.ufmg.br\/?p=10182","title":{"rendered":"Edital n\u00ba 2359\/2025 &#8211; Sele\u00e7\u00e3o interna de candidatos \u00e0 bolsa de doutorado sandu\u00edche da CAPES (PDSE)"},"content":{"rendered":"<p><span style=\"color: #870000;\"><strong>Resultado Final da sele\u00e7\u00e3o do PDSE<\/strong><\/span><\/p>\n<p style=\"font-weight: 400;\">1\u00ba Lugar &#8211;\u00a0Maria Figueiredo Vaz<\/p>\n<p style=\"font-weight: 400;\">1\u00ba Excedente &#8211;\u00a0Julia Candido Arbex<\/p>\n<p><span style=\"color: #870000;\"><strong>Resultado Preliminar da sele\u00e7\u00e3o do PDSE<\/strong><\/span><\/p>\n<p style=\"font-weight: 400;\">1\u00ba Lugar &#8211;\u00a0Maria Figueiredo Vaz<\/p>\n<p style=\"font-weight: 400;\">1\u00ba Excedente &#8211;\u00a0Julia Candido Arbex<\/p>\n<p><span style=\"color: #870000;\"><strong>Comiss\u00e3o de Avalia\u00e7\u00e3o Edital 2359\/2025 de doutorado sandu\u00edche da CAPES (PDSE)<\/strong><\/span><\/p>\n<p>Profa. Maria Elisa Martins Campos do Amaral<\/p>\n<p>Profa. Rita Lages Rodrigues<\/p>\n<p>Prof. Amir Brito Cador<\/p>\n<p><span style=\"color: #870000;\"><strong>Inscri\u00e7\u00f5es Submetidas<\/strong><\/span><\/p>\n<p>Julia Candido Arbex<\/p>\n<p>Maria Figueiredo Vaz<\/p>\n<p>Rafael Perpetuo de Souza<\/p>\n<p>_____________________________________________________________________________________________________________________________________________________________<\/p>\n<p>Divulgamos o Edital n\u00ba 2359\/2025 que torna p\u00fablico o processo de sele\u00e7\u00e3o interna de candidatos \u00e0 bolsa de doutorado sandu\u00edche da CAPES (PDSE).<\/p>\n<p>Segue tamb\u00e9m abaixo o Edital N\u00ba 17\/2025 PDSE da CAPES e seus anexos.<\/p>\n<p><a href=\"https:\/\/ppgartes.eba.ufmg.br\/wp-content\/uploads\/2025\/09\/Edital_2359_2025.pdf\">Edital_2359_2025<\/a><\/p>\n<p><a href=\"https:\/\/ppgartes.eba.ufmg.br\/wp-content\/uploads\/2025\/09\/anexo_A_barema.pdf\">anexo_A_barema<\/a><\/p>\n<p><a href=\"https:\/\/ppgartes.eba.ufmg.br\/wp-content\/uploads\/2025\/09\/Anexo_B_Ficha-auto-avaliacao-Producao-Academica.pdf\">Anexo_B_Ficha-auto-avaliacao-Producao-Academica<\/a><\/p>\n<p><a href=\"https:\/\/ppgartes.eba.ufmg.br\/wp-content\/uploads\/2025\/09\/Edital_n__17_2025.pdf\">Edital_n__17_2025<\/a><\/p>\n<p><a href=\"https:\/\/ppgartes.eba.ufmg.br\/wp-content\/uploads\/2025\/09\/Anexo_I___Termo_de_Outorga_.pdf\">Anexo_I___Termo_de_Outorga_<\/a><\/p>\n<p><a href=\"https:\/\/ppgartes.eba.ufmg.br\/wp-content\/uploads\/2025\/09\/Anexo_II___Declaracao_Reconhecimento_da_Fluencia_Linguistica_do_cooorientador_no_exterior__1_.pdf\">Anexo_II___Declaracao_Reconhecimento_da_Fluencia_Linguistica_do_cooorientador_no_exterior__1_<\/a> <a href=\"https:\/\/ppgartes.eba.ufmg.br\/wp-content\/uploads\/2025\/09\/Anexo_III___Declaracao_Reconhecimento_da_Fluencia___Orient_Brasileiro.pdf\">Anexo_III___Declaracao_Reconhecimento_da_Fluencia___Orient_Brasileiro<\/a><\/p>\n<p><a href=\"https:\/\/ppgartes.eba.ufmg.br\/wp-content\/uploads\/2025\/09\/Anexo_IV__Proficiencia___Alternativa_a_declaracao.pdf\">Anexo_IV__Proficiencia___Alternativa_a_declaracao<\/a><\/p>\n<p><a href=\"https:\/\/ppgartes.eba.ufmg.br\/wp-content\/uploads\/2025\/09\/Anexo_V___MODELO_DA_DECLARACAO_DO_COORIENTADOR_NO_EXTERIOR_.pdf\">Anexo_V___MODELO_DA_DECLARACAO_DO_COORIENTADOR_NO_EXTERIOR_<\/a><\/p>\n<p><a href=\"https:\/\/ppgartes.eba.ufmg.br\/wp-content\/uploads\/2025\/09\/Anexo_VI___Declarcao_de_anuencia.pdf\">Anexo_VI___Declarcao_de_anuencia<\/a><\/p>\n","protected":false},"excerpt":{"rendered":"<p>Resultado Final da sele\u00e7\u00e3o do PDSE 1\u00ba Lugar &#8211;\u00a0Maria Figueiredo Vaz 1\u00ba Excedente &#8211;\u00a0Julia Candido Arbex Resultado Preliminar da sele\u00e7\u00e3o do PDSE 1\u00ba Lugar &#8211;\u00a0Maria Figueiredo Vaz 1\u00ba Excedente &#8211;\u00a0Julia Candido Arbex Comiss\u00e3o de Avalia\u00e7\u00e3o Edital 2359\/2025 de doutorado sandu\u00edche da CAPES (PDSE) Profa. Maria Elisa Martins Campos do Amaral Profa. Rita Lages Rodrigues Prof&#8230;.<\/p>\n","protected":false},"author":1,"featured_media":9747,"comment_status":"open","ping_status":"open","sticky":false,"template":"","format":"standard","meta":{"footnotes":""},"categories":[1],"tags":[],"class_list":["post-10182","post","type-post","status-publish","format-standard","has-post-thumbnail","hentry","category-sem-categoria"],"_links":{"self":[{"href":"https:\/\/ppgartes.eba.ufmg.br\/index.php?rest_route=\/wp\/v2\/posts\/10182","targetHints":{"allow":["GET"]}}],"collection":[{"href":"https:\/\/ppgartes.eba.ufmg.br\/index.php?rest_route=\/wp\/v2\/posts"}],"about":[{"href":"https:\/\/ppgartes.eba.ufmg.br\/index.php?rest_route=\/wp\/v2\/types\/post"}],"author":[{"embeddable":true,"href":"https:\/\/ppgartes.eba.ufmg.br\/index.php?rest_route=\/wp\/v2\/users\/1"}],"replies":[{"embeddable":true,"href":"https:\/\/ppgartes.eba.ufmg.br\/index.php?rest_route=%2Fwp%2Fv2%2Fcomments&post=10182"}],"version-history":[{"count":5,"href":"https:\/\/ppgartes.eba.ufmg.br\/index.php?rest_route=\/wp\/v2\/posts\/10182\/revisions"}],"predecessor-version":[{"id":10245,"href":"https:\/\/ppgartes.eba.ufmg.br\/index.php?rest_route=\/wp\/v2\/posts\/10182\/revisions\/10245"}],"wp:featuredmedia":[{"embeddable":true,"href":"https:\/\/ppgartes.eba.ufmg.br\/index.php?rest_route=\/wp\/v2\/media\/9747"}],"wp:attachment":[{"href":"https:\/\/ppgartes.eba.ufmg.br\/index.php?rest_route=%2Fwp%2Fv2%2Fmedia&parent=10182"}],"wp:term":[{"taxonomy":"category","embeddable":true,"href":"https:\/\/ppgartes.eba.ufmg.br\/index.php?rest_route=%2Fwp%2Fv2%2Fcategories&post=10182"},{"taxonomy":"post_tag","embeddable":true,"href":"https:\/\/ppgartes.eba.ufmg.br\/index.php?rest_route=%2Fwp%2Fv2%2Ftags&post=10182"}],"curies":[{"name":"wp","href":"https:\/\/api.w.org\/{rel}","templated":true}]}}