{"id":1131,"date":"2014-08-07T15:00:24","date_gmt":"2014-08-07T15:00:24","guid":{"rendered":"http:\/\/www.eba.ufmg.br\/pos\/?p=1131"},"modified":"2014-08-08T14:23:02","modified_gmt":"2014-08-08T14:23:02","slug":"novo-horario-de-atendimento-externo-da-secretaria-do-ppg-artes","status":"publish","type":"post","link":"https:\/\/ppgartes.eba.ufmg.br\/?p=1131","title":{"rendered":"NOVO HOR\u00c1RIO DE ATENDIMENTO EXTERNO DA SECRETARIA DO PPG-ARTES A PARTIR DO DIA 20\/08\/2014"},"content":{"rendered":"<p>Informamos que para melhorar as condi\u00e7\u00f5es de trabalho da Secretaria do PPGArtes da EBA\/UFMG, determinamos que o hor\u00e1rio de atendimento externo (presencial e por telefone) a alunos, professores e comunidade externa ser\u00e1 o seguinte, a partir do dia <strong>20\/08\/2014<\/strong>:<\/p>\n<p><strong>Segunda-feira: 10 \u00e0s 16hs.<\/strong><br \/>\n<strong> Ter\u00e7a-feria: 13:30 \u00e0s 16hs.<\/strong><br \/>\n<strong> Quarta-feira: 10 \u00e1s 16hs.<\/strong><br \/>\n<strong> Quinta-feira: 13:30 \u00e0s 16hs.<\/strong><br \/>\n<strong> Sexta-feira: 10 \u00e0s 12hs.<\/strong><\/p>\n<p>O atendimento com a coordena\u00e7\u00e3o do PPG-Artes ser\u00e1 na quinta-feira de <strong>10 \u00e0s 12hs<\/strong> com pr\u00e9vio agendamento via o e-mail <strong>colposartes@eba.ufmg.br<\/strong>. Favor colocar no assunto: solicita\u00e7\u00e3o de atendimento com a coordena\u00e7\u00e3o e informar no corpo do e-mail o motivo da solicita\u00e7\u00e3o.<\/p>\n<p>Reiteramos que todas as informa\u00e7\u00f5es sobre o PPGArtes est\u00e3o dispon\u00edveis no nosso site <strong>www.ufmg.br\/pos<\/strong><\/p>\n","protected":false},"excerpt":{"rendered":"<p>Informamos que para melhorar as condi\u00e7\u00f5es de trabalho da Secretaria do PPGArtes da EBA\/UFMG, determinamos que o hor\u00e1rio de atendimento externo (presencial e por telefone) a alunos, professores e comunidade externa ser\u00e1 o seguinte, a partir do dia 20\/08\/2014: Segunda-feira: 10 \u00e0s 16hs. Ter\u00e7a-feria: 13:30 \u00e0s 16hs. Quarta-feira: 10 \u00e1s 16hs. Quinta-feira: 13:30 \u00e0s 16hs&#8230;.<\/p>\n","protected":false},"author":1,"featured_media":0,"comment_status":"closed","ping_status":"closed","sticky":false,"template":"","format":"standard","meta":{"footnotes":""},"categories":[1],"tags":[],"class_list":["post-1131","post","type-post","status-publish","format-standard","hentry","category-sem-categoria"],"_links":{"self":[{"href":"https:\/\/ppgartes.eba.ufmg.br\/index.php?rest_route=\/wp\/v2\/posts\/1131","targetHints":{"allow":["GET"]}}],"collection":[{"href":"https:\/\/ppgartes.eba.ufmg.br\/index.php?rest_route=\/wp\/v2\/posts"}],"about":[{"href":"https:\/\/ppgartes.eba.ufmg.br\/index.php?rest_route=\/wp\/v2\/types\/post"}],"author":[{"embeddable":true,"href":"https:\/\/ppgartes.eba.ufmg.br\/index.php?rest_route=\/wp\/v2\/users\/1"}],"replies":[{"embeddable":true,"href":"https:\/\/ppgartes.eba.ufmg.br\/index.php?rest_route=%2Fwp%2Fv2%2Fcomments&post=1131"}],"version-history":[{"count":4,"href":"https:\/\/ppgartes.eba.ufmg.br\/index.php?rest_route=\/wp\/v2\/posts\/1131\/revisions"}],"predecessor-version":[{"id":1135,"href":"https:\/\/ppgartes.eba.ufmg.br\/index.php?rest_route=\/wp\/v2\/posts\/1131\/revisions\/1135"}],"wp:attachment":[{"href":"https:\/\/ppgartes.eba.ufmg.br\/index.php?rest_route=%2Fwp%2Fv2%2Fmedia&parent=1131"}],"wp:term":[{"taxonomy":"category","embeddable":true,"href":"https:\/\/ppgartes.eba.ufmg.br\/index.php?rest_route=%2Fwp%2Fv2%2Fcategories&post=1131"},{"taxonomy":"post_tag","embeddable":true,"href":"https:\/\/ppgartes.eba.ufmg.br\/index.php?rest_route=%2Fwp%2Fv2%2Ftags&post=1131"}],"curies":[{"name":"wp","href":"https:\/\/api.w.org\/{rel}","templated":true}]}}