{"id":1172,"date":"2014-08-13T12:45:49","date_gmt":"2014-08-13T12:45:49","guid":{"rendered":"http:\/\/www.eba.ufmg.br\/pos\/?p=1172"},"modified":"2014-08-13T14:19:43","modified_gmt":"2014-08-13T14:19:43","slug":"reformulacao-das-linhas-de-pesquisa-do-ppgartes-foi-aprovada-pela-camara-de-pos-graduacao-da-ufmg","status":"publish","type":"post","link":"https:\/\/ppgartes.eba.ufmg.br\/?p=1172","title":{"rendered":"Reformula\u00e7\u00e3o das linhas de pesquisa do PPGArtes foi aprovada pela C\u00e2mara de P\u00f3s-gradua\u00e7\u00e3o da UFMG"},"content":{"rendered":"<p>Informamos que a Reformula\u00e7\u00e3o das linhas de pesquisa do PPGArtes, proposta discutida entre professores e alunos no I Semin\u00e1rio PPGArtes: trajet\u00f3ria e novos Rumos realizado no primeiro semestre de 2014, foi aprovada pela C\u00e2mara de P\u00f3s-gradua\u00e7\u00e3o da UFMG no dia 12\/08\/2014. O edital do processo seletivo 2015 j\u00e1 contemplara a nova configura\u00e7\u00e3o do programa.<\/p>\n<p><strong>Nossa p\u00e1gina j\u00e1 est\u00e1 atualizada.<\/strong> Para conferir as novas linhas de pesquisa e a organiza\u00e7\u00e3o dos professores por linha, bem como a atualiza\u00e7\u00e3o de seus campos de trabalho, acessam as abas <em>Linha de Pesquisa<\/em> e <em>Corpo Docente<\/em> localizadas \u00e0 esquerda.<\/p>\n","protected":false},"excerpt":{"rendered":"<p>Informamos que a Reformula\u00e7\u00e3o das linhas de pesquisa do PPGArtes, proposta discutida entre professores e alunos no I Semin\u00e1rio PPGArtes: trajet\u00f3ria e novos Rumos realizado no primeiro semestre de 2014, foi aprovada pela C\u00e2mara de P\u00f3s-gradua\u00e7\u00e3o da UFMG no dia 12\/08\/2014. O edital do processo seletivo 2015 j\u00e1 contemplara a nova configura\u00e7\u00e3o do programa. Nossa&#8230;<\/p>\n","protected":false},"author":1,"featured_media":0,"comment_status":"closed","ping_status":"closed","sticky":false,"template":"","format":"standard","meta":{"footnotes":""},"categories":[1],"tags":[],"class_list":["post-1172","post","type-post","status-publish","format-standard","hentry","category-sem-categoria"],"_links":{"self":[{"href":"https:\/\/ppgartes.eba.ufmg.br\/index.php?rest_route=\/wp\/v2\/posts\/1172","targetHints":{"allow":["GET"]}}],"collection":[{"href":"https:\/\/ppgartes.eba.ufmg.br\/index.php?rest_route=\/wp\/v2\/posts"}],"about":[{"href":"https:\/\/ppgartes.eba.ufmg.br\/index.php?rest_route=\/wp\/v2\/types\/post"}],"author":[{"embeddable":true,"href":"https:\/\/ppgartes.eba.ufmg.br\/index.php?rest_route=\/wp\/v2\/users\/1"}],"replies":[{"embeddable":true,"href":"https:\/\/ppgartes.eba.ufmg.br\/index.php?rest_route=%2Fwp%2Fv2%2Fcomments&post=1172"}],"version-history":[{"count":3,"href":"https:\/\/ppgartes.eba.ufmg.br\/index.php?rest_route=\/wp\/v2\/posts\/1172\/revisions"}],"predecessor-version":[{"id":1191,"href":"https:\/\/ppgartes.eba.ufmg.br\/index.php?rest_route=\/wp\/v2\/posts\/1172\/revisions\/1191"}],"wp:attachment":[{"href":"https:\/\/ppgartes.eba.ufmg.br\/index.php?rest_route=%2Fwp%2Fv2%2Fmedia&parent=1172"}],"wp:term":[{"taxonomy":"category","embeddable":true,"href":"https:\/\/ppgartes.eba.ufmg.br\/index.php?rest_route=%2Fwp%2Fv2%2Fcategories&post=1172"},{"taxonomy":"post_tag","embeddable":true,"href":"https:\/\/ppgartes.eba.ufmg.br\/index.php?rest_route=%2Fwp%2Fv2%2Ftags&post=1172"}],"curies":[{"name":"wp","href":"https:\/\/api.w.org\/{rel}","templated":true}]}}