{"id":1204,"date":"2014-08-13T14:54:52","date_gmt":"2014-08-13T14:54:52","guid":{"rendered":"http:\/\/www.eba.ufmg.br\/pos\/?p=1204"},"modified":"2014-08-14T14:19:10","modified_gmt":"2014-08-14T14:19:10","slug":"i-seminario-de-teatro-e-seu-ensino","status":"publish","type":"post","link":"https:\/\/ppgartes.eba.ufmg.br\/?p=1204","title":{"rendered":"I Semin\u00e1rio de Teatro e seu Ensino"},"content":{"rendered":"<p><a ref=\"magnificPopup\" href=\"https:\/\/ppgartes.eba.ufmg.br\/wp-content\/uploads\/2014\/08\/imagemhhh.bmp\"><img decoding=\"async\" class=\"aligncenter size-full wp-image-1205\" title=\"imagemhhh\" src=\"https:\/\/ppgartes.eba.ufmg.br\/wp-content\/uploads\/2014\/08\/imagemhhh.bmp\" alt=\"\" \/><\/a><\/p>\n<p><a ref=\"magnificPopup\" href=\"https:\/\/ppgartes.eba.ufmg.br\/wp-content\/uploads\/2014\/08\/imagemlll.png\"><img loading=\"lazy\" decoding=\"async\" class=\"aligncenter size-full wp-image-1206\" title=\"imagemlll\" src=\"https:\/\/ppgartes.eba.ufmg.br\/wp-content\/uploads\/2014\/08\/imagemlll.png\" alt=\"\" width=\"1293\" height=\"637\" srcset=\"https:\/\/ppgartes.eba.ufmg.br\/wp-content\/uploads\/2014\/08\/imagemlll.png 1293w, https:\/\/ppgartes.eba.ufmg.br\/wp-content\/uploads\/2014\/08\/imagemlll-300x147.png 300w, https:\/\/ppgartes.eba.ufmg.br\/wp-content\/uploads\/2014\/08\/imagemlll-1024x504.png 1024w\" sizes=\"auto, (max-width: 1293px) 100vw, 1293px\" \/><\/a><\/p>\n<p>Destinado tanto aos alunos da Escola de Belas Artes como para toda comunidade acad\u00eamica.<\/p>\n<p>As inscri\u00e7\u00f5es ser\u00e3o realizadas no dia do evento.<\/p>\n","protected":false},"excerpt":{"rendered":"<p>Destinado tanto aos alunos da Escola de Belas Artes como para toda comunidade acad\u00eamica. As inscri\u00e7\u00f5es ser\u00e3o realizadas no dia do evento.<\/p>\n","protected":false},"author":1,"featured_media":0,"comment_status":"closed","ping_status":"closed","sticky":false,"template":"","format":"standard","meta":{"footnotes":""},"categories":[1],"tags":[],"class_list":["post-1204","post","type-post","status-publish","format-standard","hentry","category-sem-categoria"],"_links":{"self":[{"href":"https:\/\/ppgartes.eba.ufmg.br\/index.php?rest_route=\/wp\/v2\/posts\/1204","targetHints":{"allow":["GET"]}}],"collection":[{"href":"https:\/\/ppgartes.eba.ufmg.br\/index.php?rest_route=\/wp\/v2\/posts"}],"about":[{"href":"https:\/\/ppgartes.eba.ufmg.br\/index.php?rest_route=\/wp\/v2\/types\/post"}],"author":[{"embeddable":true,"href":"https:\/\/ppgartes.eba.ufmg.br\/index.php?rest_route=\/wp\/v2\/users\/1"}],"replies":[{"embeddable":true,"href":"https:\/\/ppgartes.eba.ufmg.br\/index.php?rest_route=%2Fwp%2Fv2%2Fcomments&post=1204"}],"version-history":[{"count":3,"href":"https:\/\/ppgartes.eba.ufmg.br\/index.php?rest_route=\/wp\/v2\/posts\/1204\/revisions"}],"predecessor-version":[{"id":1208,"href":"https:\/\/ppgartes.eba.ufmg.br\/index.php?rest_route=\/wp\/v2\/posts\/1204\/revisions\/1208"}],"wp:attachment":[{"href":"https:\/\/ppgartes.eba.ufmg.br\/index.php?rest_route=%2Fwp%2Fv2%2Fmedia&parent=1204"}],"wp:term":[{"taxonomy":"category","embeddable":true,"href":"https:\/\/ppgartes.eba.ufmg.br\/index.php?rest_route=%2Fwp%2Fv2%2Fcategories&post=1204"},{"taxonomy":"post_tag","embeddable":true,"href":"https:\/\/ppgartes.eba.ufmg.br\/index.php?rest_route=%2Fwp%2Fv2%2Ftags&post=1204"}],"curies":[{"name":"wp","href":"https:\/\/api.w.org\/{rel}","templated":true}]}}