{"id":1257,"date":"2014-08-19T11:27:43","date_gmt":"2014-08-19T11:27:43","guid":{"rendered":"http:\/\/www.eba.ufmg.br\/pos\/?p=1257"},"modified":"2014-08-19T11:29:16","modified_gmt":"2014-08-19T11:29:16","slug":"revista-arte-contexto-recebe-trabalhos-sobre-publicacoes-de-artistas","status":"publish","type":"post","link":"https:\/\/ppgartes.eba.ufmg.br\/?p=1257","title":{"rendered":"Revista Arte ConTexto recebe trabalhos sobre publica\u00e7\u00f5es de artistas"},"content":{"rendered":"<p><a ref=\"magnificPopup\" href=\"https:\/\/ppgartes.eba.ufmg.br\/wp-content\/uploads\/2014\/08\/figura-2.jpg\"><img loading=\"lazy\" decoding=\"async\" class=\"alignleft size-medium wp-image-1260\" title=\"figura-2\" src=\"https:\/\/ppgartes.eba.ufmg.br\/wp-content\/uploads\/2014\/08\/figura-2-300x246.jpg\" alt=\"\" width=\"300\" height=\"246\" srcset=\"https:\/\/ppgartes.eba.ufmg.br\/wp-content\/uploads\/2014\/08\/figura-2-300x246.jpg 300w, https:\/\/ppgartes.eba.ufmg.br\/wp-content\/uploads\/2014\/08\/figura-2.jpg 636w\" sizes=\"auto, (max-width: 300px) 100vw, 300px\" \/><\/a>A Revista Arte ConTexto est\u00e1 recebendo colabora\u00e7\u00f5es para a publica\u00e7\u00e3o n\u00famero cinco. Os textos curtos e resenhas devem abranger a tem\u00e1tica &#8220;Publica\u00e7\u00f5es de artistas como espa\u00e7os da arte&#8221;. Essas produ\u00e7\u00f5es devem conter no m\u00e1ximo tr\u00eas p\u00e1ginas e serem encaminhadas at\u00e9 o dia 28 de setembro. A edi\u00e7\u00e3o vai ser publicada em novembro de 2014. Tamb\u00e9m ser\u00e3o aceitos textos de artistas sobre seus processos. Produ\u00e7\u00f5es cient\u00edficas de assunto livre dentro das artes podem ser encaminhadas com no m\u00e1ximo dez p\u00e1ginas.<\/p>\n<p>Confira as regras de publica\u00e7\u00e3o: <a href=\"http:\/\/www.artcontexto.com.br\/normas.htm\">http:\/\/www.artcontexto.com.br\/normas.htm<\/a><\/p>\n","protected":false},"excerpt":{"rendered":"<p>A Revista Arte ConTexto est\u00e1 recebendo colabora\u00e7\u00f5es para a publica\u00e7\u00e3o n\u00famero cinco. Os textos curtos e resenhas devem abranger a tem\u00e1tica &#8220;Publica\u00e7\u00f5es de artistas como espa\u00e7os da arte&#8221;. Essas produ\u00e7\u00f5es devem conter no m\u00e1ximo tr\u00eas p\u00e1ginas e serem encaminhadas at\u00e9 o dia 28 de setembro. A edi\u00e7\u00e3o vai ser publicada em novembro de 2014. Tamb\u00e9m&#8230;<\/p>\n","protected":false},"author":1,"featured_media":0,"comment_status":"closed","ping_status":"closed","sticky":false,"template":"","format":"standard","meta":{"footnotes":""},"categories":[1],"tags":[],"class_list":["post-1257","post","type-post","status-publish","format-standard","hentry","category-sem-categoria"],"_links":{"self":[{"href":"https:\/\/ppgartes.eba.ufmg.br\/index.php?rest_route=\/wp\/v2\/posts\/1257","targetHints":{"allow":["GET"]}}],"collection":[{"href":"https:\/\/ppgartes.eba.ufmg.br\/index.php?rest_route=\/wp\/v2\/posts"}],"about":[{"href":"https:\/\/ppgartes.eba.ufmg.br\/index.php?rest_route=\/wp\/v2\/types\/post"}],"author":[{"embeddable":true,"href":"https:\/\/ppgartes.eba.ufmg.br\/index.php?rest_route=\/wp\/v2\/users\/1"}],"replies":[{"embeddable":true,"href":"https:\/\/ppgartes.eba.ufmg.br\/index.php?rest_route=%2Fwp%2Fv2%2Fcomments&post=1257"}],"version-history":[{"count":3,"href":"https:\/\/ppgartes.eba.ufmg.br\/index.php?rest_route=\/wp\/v2\/posts\/1257\/revisions"}],"predecessor-version":[{"id":1259,"href":"https:\/\/ppgartes.eba.ufmg.br\/index.php?rest_route=\/wp\/v2\/posts\/1257\/revisions\/1259"}],"wp:attachment":[{"href":"https:\/\/ppgartes.eba.ufmg.br\/index.php?rest_route=%2Fwp%2Fv2%2Fmedia&parent=1257"}],"wp:term":[{"taxonomy":"category","embeddable":true,"href":"https:\/\/ppgartes.eba.ufmg.br\/index.php?rest_route=%2Fwp%2Fv2%2Fcategories&post=1257"},{"taxonomy":"post_tag","embeddable":true,"href":"https:\/\/ppgartes.eba.ufmg.br\/index.php?rest_route=%2Fwp%2Fv2%2Ftags&post=1257"}],"curies":[{"name":"wp","href":"https:\/\/api.w.org\/{rel}","templated":true}]}}