{"id":1262,"date":"2014-08-19T11:35:43","date_gmt":"2014-08-19T11:35:43","guid":{"rendered":"http:\/\/www.eba.ufmg.br\/pos\/?p=1262"},"modified":"2014-08-19T11:35:43","modified_gmt":"2014-08-19T11:35:43","slug":"centro-cultural-inaugura-exposicao-manifesto-em-flor-no-dia-22-de-agosto","status":"publish","type":"post","link":"https:\/\/ppgartes.eba.ufmg.br\/?p=1262","title":{"rendered":"Centro Cultural inaugura exposi\u00e7\u00e3o Manifesto em flor no dia 22 de agosto"},"content":{"rendered":"<p><a ref=\"magnificPopup\" href=\"https:\/\/ppgartes.eba.ufmg.br\/wp-content\/uploads\/2014\/08\/CONVITE_EXPOSI\u00c7\u00c3O_MANIFESTO_EM_FLOR_c\u00f3pia.jpg\"><img loading=\"lazy\" decoding=\"async\" class=\"aligncenter size-full wp-image-1263\" title=\"CONVITE_EXPOSI\u00c7\u00c3O_MANIFESTO_EM_FLOR_c\u00f3pia\" src=\"https:\/\/ppgartes.eba.ufmg.br\/wp-content\/uploads\/2014\/08\/CONVITE_EXPOSI\u00c7\u00c3O_MANIFESTO_EM_FLOR_c\u00f3pia.jpg\" alt=\"\" width=\"960\" height=\"632\" srcset=\"https:\/\/ppgartes.eba.ufmg.br\/wp-content\/uploads\/2014\/08\/CONVITE_EXPOSI\u00c7\u00c3O_MANIFESTO_EM_FLOR_c\u00f3pia.jpg 960w, https:\/\/ppgartes.eba.ufmg.br\/wp-content\/uploads\/2014\/08\/CONVITE_EXPOSI\u00c7\u00c3O_MANIFESTO_EM_FLOR_c\u00f3pia-300x197.jpg 300w\" sizes=\"auto, (max-width: 960px) 100vw, 960px\" \/><\/a><\/p>\n<p>Maiores informa\u00e7\u00f5es:\u00a0<a href=\"http:\/\/www.ufmg.br\/centrocultural\/acontece_manifesto_em_flor.htm\">https:\/\/www.ufmg.br\/centrocultural\/acontece_manifesto_em_flor.htm<\/a><\/p>\n","protected":false},"excerpt":{"rendered":"<p>Maiores informa\u00e7\u00f5es:\u00a0https:\/\/www.ufmg.br\/centrocultural\/acontece_manifesto_em_flor.htm<\/p>\n","protected":false},"author":1,"featured_media":0,"comment_status":"closed","ping_status":"closed","sticky":false,"template":"","format":"standard","meta":{"footnotes":""},"categories":[1],"tags":[],"class_list":["post-1262","post","type-post","status-publish","format-standard","hentry","category-sem-categoria"],"_links":{"self":[{"href":"https:\/\/ppgartes.eba.ufmg.br\/index.php?rest_route=\/wp\/v2\/posts\/1262","targetHints":{"allow":["GET"]}}],"collection":[{"href":"https:\/\/ppgartes.eba.ufmg.br\/index.php?rest_route=\/wp\/v2\/posts"}],"about":[{"href":"https:\/\/ppgartes.eba.ufmg.br\/index.php?rest_route=\/wp\/v2\/types\/post"}],"author":[{"embeddable":true,"href":"https:\/\/ppgartes.eba.ufmg.br\/index.php?rest_route=\/wp\/v2\/users\/1"}],"replies":[{"embeddable":true,"href":"https:\/\/ppgartes.eba.ufmg.br\/index.php?rest_route=%2Fwp%2Fv2%2Fcomments&post=1262"}],"version-history":[{"count":1,"href":"https:\/\/ppgartes.eba.ufmg.br\/index.php?rest_route=\/wp\/v2\/posts\/1262\/revisions"}],"predecessor-version":[{"id":1264,"href":"https:\/\/ppgartes.eba.ufmg.br\/index.php?rest_route=\/wp\/v2\/posts\/1262\/revisions\/1264"}],"wp:attachment":[{"href":"https:\/\/ppgartes.eba.ufmg.br\/index.php?rest_route=%2Fwp%2Fv2%2Fmedia&parent=1262"}],"wp:term":[{"taxonomy":"category","embeddable":true,"href":"https:\/\/ppgartes.eba.ufmg.br\/index.php?rest_route=%2Fwp%2Fv2%2Fcategories&post=1262"},{"taxonomy":"post_tag","embeddable":true,"href":"https:\/\/ppgartes.eba.ufmg.br\/index.php?rest_route=%2Fwp%2Fv2%2Ftags&post=1262"}],"curies":[{"name":"wp","href":"https:\/\/api.w.org\/{rel}","templated":true}]}}