{"id":1265,"date":"2014-08-19T11:38:51","date_gmt":"2014-08-19T11:38:51","guid":{"rendered":"http:\/\/www.eba.ufmg.br\/pos\/?p=1265"},"modified":"2014-08-19T11:38:51","modified_gmt":"2014-08-19T11:38:51","slug":"chamada-para-exposicoes-no-centro-cultural-ufmg","status":"publish","type":"post","link":"https:\/\/ppgartes.eba.ufmg.br\/?p=1265","title":{"rendered":"Chamada para Exposi\u00e7\u00f5es no Centro Cultural UFMG"},"content":{"rendered":"<h5 align=\"left\">O Centro Cultural UFMG est\u00e1 recebendo propostas de artes pl\u00e1sticas e visuais.<\/p>\n<p>De agosto a dezembro de 2014, o Centro Cultural UFMG estar\u00e1 recebendo propostas em artes pl\u00e1sticas e visuais para aprecia\u00e7\u00e3o. Artistas de todos os cantos do pa\u00eds e do exterior interessados em expor seus trabalhos nas galerias do casar\u00e3o centen\u00e1rio ter\u00e3o at\u00e9 o final do ano para enviar o projeto.<\/h5>\n<p><a href=\"http:\/\/www.ufmg.br\/centrocultural\/\"><span style=\"color: blue; font-size: small;\"><span style=\"text-decoration: underline;\">http:\/\/www.ufmg.br\/centrocultural\/<\/span><\/span><\/a><\/p>\n","protected":false},"excerpt":{"rendered":"<p>O Centro Cultural UFMG est\u00e1 recebendo propostas de artes pl\u00e1sticas e visuais. De agosto a dezembro de 2014, o Centro Cultural UFMG estar\u00e1 recebendo propostas em artes pl\u00e1sticas e visuais para aprecia\u00e7\u00e3o. Artistas de todos os cantos do pa\u00eds e do exterior interessados em expor seus trabalhos nas galerias do casar\u00e3o centen\u00e1rio ter\u00e3o at\u00e9 o&#8230;<\/p>\n","protected":false},"author":1,"featured_media":0,"comment_status":"closed","ping_status":"closed","sticky":false,"template":"","format":"standard","meta":{"footnotes":""},"categories":[1],"tags":[],"class_list":["post-1265","post","type-post","status-publish","format-standard","hentry","category-sem-categoria"],"_links":{"self":[{"href":"https:\/\/ppgartes.eba.ufmg.br\/index.php?rest_route=\/wp\/v2\/posts\/1265","targetHints":{"allow":["GET"]}}],"collection":[{"href":"https:\/\/ppgartes.eba.ufmg.br\/index.php?rest_route=\/wp\/v2\/posts"}],"about":[{"href":"https:\/\/ppgartes.eba.ufmg.br\/index.php?rest_route=\/wp\/v2\/types\/post"}],"author":[{"embeddable":true,"href":"https:\/\/ppgartes.eba.ufmg.br\/index.php?rest_route=\/wp\/v2\/users\/1"}],"replies":[{"embeddable":true,"href":"https:\/\/ppgartes.eba.ufmg.br\/index.php?rest_route=%2Fwp%2Fv2%2Fcomments&post=1265"}],"version-history":[{"count":1,"href":"https:\/\/ppgartes.eba.ufmg.br\/index.php?rest_route=\/wp\/v2\/posts\/1265\/revisions"}],"predecessor-version":[{"id":1266,"href":"https:\/\/ppgartes.eba.ufmg.br\/index.php?rest_route=\/wp\/v2\/posts\/1265\/revisions\/1266"}],"wp:attachment":[{"href":"https:\/\/ppgartes.eba.ufmg.br\/index.php?rest_route=%2Fwp%2Fv2%2Fmedia&parent=1265"}],"wp:term":[{"taxonomy":"category","embeddable":true,"href":"https:\/\/ppgartes.eba.ufmg.br\/index.php?rest_route=%2Fwp%2Fv2%2Fcategories&post=1265"},{"taxonomy":"post_tag","embeddable":true,"href":"https:\/\/ppgartes.eba.ufmg.br\/index.php?rest_route=%2Fwp%2Fv2%2Ftags&post=1265"}],"curies":[{"name":"wp","href":"https:\/\/api.w.org\/{rel}","templated":true}]}}