{"id":1267,"date":"2014-08-19T12:53:22","date_gmt":"2014-08-19T12:53:22","guid":{"rendered":"http:\/\/www.eba.ufmg.br\/pos\/?p=1267"},"modified":"2014-08-19T12:53:22","modified_gmt":"2014-08-19T12:53:22","slug":"iv-coloquio-internacional-de-filosofia-medieval-e-i-congresso-internacional-de-artes-e-filosofia-arte-critica-e-mistica","status":"publish","type":"post","link":"https:\/\/ppgartes.eba.ufmg.br\/?p=1267","title":{"rendered":"IV Col\u00f3quio Internacional de Filosofia Medieval e I Congresso Internacional de Artes e Filosofia: Arte, Cr\u00edtica e M\u00edstica"},"content":{"rendered":"<div>Os Programas de P\u00f3s-gradua\u00e7\u00e3o de Artes e de Filosofia da UFES est\u00e3o organizando o\u00a0<em>IV Col\u00f3quio Internacional de Filosofia Medieval e I Congresso Internacional de Artes e Filosofia: Arte, Cr\u00edtica e M\u00edstica<\/em>, evento que acontecer\u00e1 nos dias 20, 21, 22 e 23 de outubro de 2014 na Universidade Federal do Esp\u00edrito Santo (UFES).<\/div>\n<div>Programa\u00e7\u00e3o e inscri\u00e7\u00f5es:<\/div>\n<div><a href=\"http:\/\/www.sbfm.net.br\/sbfm\/index.php?option=com_content&amp;view=article&amp;id=72:iv-coloquio-internacional-de-filosofia-medieval-e-i-congresso-internacional-de-artes-e-filosofia-arte-critica-e-mistica&amp;catid=1:latest-news\">http:\/\/www.sbfm.net.br\/sbfm\/index.php?option=com_content&amp;view=article&amp;id=72:iv-coloquio-internacional-de-filosofia-medieval-e-i-congresso-internacional-de-artes-e-filosofia-arte-critica-e-mistica&amp;catid=1:latest-news<\/a><\/div>\n<div>&#8212;<\/div>\n","protected":false},"excerpt":{"rendered":"<p>Os Programas de P\u00f3s-gradua\u00e7\u00e3o de Artes e de Filosofia da UFES est\u00e3o organizando o\u00a0IV Col\u00f3quio Internacional de Filosofia Medieval e I Congresso Internacional de Artes e Filosofia: Arte, Cr\u00edtica e M\u00edstica, evento que acontecer\u00e1 nos dias 20, 21, 22 e 23 de outubro de 2014 na Universidade Federal do Esp\u00edrito Santo (UFES). Programa\u00e7\u00e3o e inscri\u00e7\u00f5es:&#8230;<\/p>\n","protected":false},"author":1,"featured_media":0,"comment_status":"closed","ping_status":"closed","sticky":false,"template":"","format":"standard","meta":{"footnotes":""},"categories":[1],"tags":[],"class_list":["post-1267","post","type-post","status-publish","format-standard","hentry","category-sem-categoria"],"_links":{"self":[{"href":"https:\/\/ppgartes.eba.ufmg.br\/index.php?rest_route=\/wp\/v2\/posts\/1267","targetHints":{"allow":["GET"]}}],"collection":[{"href":"https:\/\/ppgartes.eba.ufmg.br\/index.php?rest_route=\/wp\/v2\/posts"}],"about":[{"href":"https:\/\/ppgartes.eba.ufmg.br\/index.php?rest_route=\/wp\/v2\/types\/post"}],"author":[{"embeddable":true,"href":"https:\/\/ppgartes.eba.ufmg.br\/index.php?rest_route=\/wp\/v2\/users\/1"}],"replies":[{"embeddable":true,"href":"https:\/\/ppgartes.eba.ufmg.br\/index.php?rest_route=%2Fwp%2Fv2%2Fcomments&post=1267"}],"version-history":[{"count":2,"href":"https:\/\/ppgartes.eba.ufmg.br\/index.php?rest_route=\/wp\/v2\/posts\/1267\/revisions"}],"predecessor-version":[{"id":1269,"href":"https:\/\/ppgartes.eba.ufmg.br\/index.php?rest_route=\/wp\/v2\/posts\/1267\/revisions\/1269"}],"wp:attachment":[{"href":"https:\/\/ppgartes.eba.ufmg.br\/index.php?rest_route=%2Fwp%2Fv2%2Fmedia&parent=1267"}],"wp:term":[{"taxonomy":"category","embeddable":true,"href":"https:\/\/ppgartes.eba.ufmg.br\/index.php?rest_route=%2Fwp%2Fv2%2Fcategories&post=1267"},{"taxonomy":"post_tag","embeddable":true,"href":"https:\/\/ppgartes.eba.ufmg.br\/index.php?rest_route=%2Fwp%2Fv2%2Ftags&post=1267"}],"curies":[{"name":"wp","href":"https:\/\/api.w.org\/{rel}","templated":true}]}}