{"id":1329,"date":"2014-08-22T17:45:58","date_gmt":"2014-08-22T17:45:58","guid":{"rendered":"http:\/\/www.eba.ufmg.br\/pos\/?p=1329"},"modified":"2014-08-25T23:09:24","modified_gmt":"2014-08-25T23:09:24","slug":"publicado-o-edital-de-selecao-mestrado-e-doutorado-2015","status":"publish","type":"post","link":"https:\/\/ppgartes.eba.ufmg.br\/?p=1329","title":{"rendered":"Publicado o Edital de sele\u00e7\u00e3o (Mestrado e Doutorado) 2015"},"content":{"rendered":"<p>J\u00e1 est\u00e1 dispon\u00edvel na se\u00e7\u00e3o<strong><a href=\"http:\/\/www.eba.ufmg.br\/pos\/?page_id=54\"> &#8220;Processo Seletivo&#8221;<\/a><\/strong> o Edital de Sele\u00e7\u00e3o para 2015. As inscri\u00e7\u00f5es estar\u00e3o abertas a partir do dia 26 de agosto de 2014 e ir\u00e3o at\u00e9 o dia 26 de setembro de 2014, nos hor\u00e1rios informados no edital.<\/p>\n<p>Confira na aba Processo Seletivo \u00e0 esquerda todos os arquivos relacionados ao Processo Seletivo 2015:<\/p>\n<p>1. Edital<\/p>\n<p>2. Lista de refer\u00eancia da prova escrita<\/p>\n<p>3. Lista de professores com disponibilidade de orienta\u00e7\u00e3o (mestrado e doutorado)<\/p>\n<p>3. Ficha de inscri\u00e7\u00e3o<\/p>\n<p>&nbsp;<\/p>\n","protected":false},"excerpt":{"rendered":"<p>J\u00e1 est\u00e1 dispon\u00edvel na se\u00e7\u00e3o &#8220;Processo Seletivo&#8221; o Edital de Sele\u00e7\u00e3o para 2015. As inscri\u00e7\u00f5es estar\u00e3o abertas a partir do dia 26 de agosto de 2014 e ir\u00e3o at\u00e9 o dia 26 de setembro de 2014, nos hor\u00e1rios informados no edital. Confira na aba Processo Seletivo \u00e0 esquerda todos os arquivos relacionados ao Processo Seletivo&#8230;<\/p>\n","protected":false},"author":1,"featured_media":0,"comment_status":"closed","ping_status":"closed","sticky":false,"template":"","format":"standard","meta":{"footnotes":""},"categories":[1],"tags":[],"class_list":["post-1329","post","type-post","status-publish","format-standard","hentry","category-sem-categoria"],"_links":{"self":[{"href":"https:\/\/ppgartes.eba.ufmg.br\/index.php?rest_route=\/wp\/v2\/posts\/1329","targetHints":{"allow":["GET"]}}],"collection":[{"href":"https:\/\/ppgartes.eba.ufmg.br\/index.php?rest_route=\/wp\/v2\/posts"}],"about":[{"href":"https:\/\/ppgartes.eba.ufmg.br\/index.php?rest_route=\/wp\/v2\/types\/post"}],"author":[{"embeddable":true,"href":"https:\/\/ppgartes.eba.ufmg.br\/index.php?rest_route=\/wp\/v2\/users\/1"}],"replies":[{"embeddable":true,"href":"https:\/\/ppgartes.eba.ufmg.br\/index.php?rest_route=%2Fwp%2Fv2%2Fcomments&post=1329"}],"version-history":[{"count":5,"href":"https:\/\/ppgartes.eba.ufmg.br\/index.php?rest_route=\/wp\/v2\/posts\/1329\/revisions"}],"predecessor-version":[{"id":1334,"href":"https:\/\/ppgartes.eba.ufmg.br\/index.php?rest_route=\/wp\/v2\/posts\/1329\/revisions\/1334"}],"wp:attachment":[{"href":"https:\/\/ppgartes.eba.ufmg.br\/index.php?rest_route=%2Fwp%2Fv2%2Fmedia&parent=1329"}],"wp:term":[{"taxonomy":"category","embeddable":true,"href":"https:\/\/ppgartes.eba.ufmg.br\/index.php?rest_route=%2Fwp%2Fv2%2Fcategories&post=1329"},{"taxonomy":"post_tag","embeddable":true,"href":"https:\/\/ppgartes.eba.ufmg.br\/index.php?rest_route=%2Fwp%2Fv2%2Ftags&post=1329"}],"curies":[{"name":"wp","href":"https:\/\/api.w.org\/{rel}","templated":true}]}}