{"id":1426,"date":"2014-09-11T17:40:55","date_gmt":"2014-09-11T17:40:55","guid":{"rendered":"http:\/\/www.eba.ufmg.br\/pos\/?p=1426"},"modified":"2014-09-11T17:40:55","modified_gmt":"2014-09-11T17:40:55","slug":"inauguracao-da-revista-multiface","status":"publish","type":"post","link":"https:\/\/ppgartes.eba.ufmg.br\/?p=1426","title":{"rendered":"Inaugura\u00e7\u00e3o da Revista Multiface"},"content":{"rendered":"<p>A Equipe da Revista Multiface convida toda a comunidade acad\u00eamica para o evento de inaugura\u00e7\u00e3o da Revista Multiface Online que acontecer\u00e1 no dia 12\/09\/2014 \u00e0s 11h no audit\u00f3rio n\u00famero 2 da Faculdade de Ci\u00eancias Econ\u00f4micas.O evento contar\u00e1 com a participa\u00e7\u00e3o do Ministro da Ci\u00eancia, Tecnologia e Inova\u00e7\u00e3o &#8211; antigo reitor da UFMG &#8211; Prof. Dr. Cl\u00e9lio Campolina Diniz, que far\u00e1 uma palestra sobre o tema &#8220;O espa\u00e7o do trabalho do Brasil&#8221;.<\/p>\n<p>Para se inscrever entre no site \u00a0face.ufmg.br\/ multiface e acesse Inscri\u00e7\u00f5es para Lan\u00e7amento.<\/p>\n<p>Ap\u00f3s a palestra,\u00a0ofereceremos um Coffe Break \u00e0 todos os participantes.<br \/>\nContamos com a participa\u00e7\u00e3o de todos.<\/p>\n<p><a href=\"https:\/\/ppgartes.eba.ufmg.br\/wp-content\/uploads\/2014\/09\/ViralMultiface2014-1.pdf\">ViralMultiface2014 (1)<\/a><\/p>\n","protected":false},"excerpt":{"rendered":"<p>A Equipe da Revista Multiface convida toda a comunidade acad\u00eamica para o evento de inaugura\u00e7\u00e3o da Revista Multiface Online que acontecer\u00e1 no dia 12\/09\/2014 \u00e0s 11h no audit\u00f3rio n\u00famero 2 da Faculdade de Ci\u00eancias Econ\u00f4micas.O evento contar\u00e1 com a participa\u00e7\u00e3o do Ministro da Ci\u00eancia, Tecnologia e Inova\u00e7\u00e3o &#8211; antigo reitor da UFMG &#8211; Prof. Dr&#8230;.<\/p>\n","protected":false},"author":1,"featured_media":0,"comment_status":"closed","ping_status":"closed","sticky":false,"template":"","format":"standard","meta":{"footnotes":""},"categories":[1],"tags":[],"class_list":["post-1426","post","type-post","status-publish","format-standard","hentry","category-sem-categoria"],"_links":{"self":[{"href":"https:\/\/ppgartes.eba.ufmg.br\/index.php?rest_route=\/wp\/v2\/posts\/1426","targetHints":{"allow":["GET"]}}],"collection":[{"href":"https:\/\/ppgartes.eba.ufmg.br\/index.php?rest_route=\/wp\/v2\/posts"}],"about":[{"href":"https:\/\/ppgartes.eba.ufmg.br\/index.php?rest_route=\/wp\/v2\/types\/post"}],"author":[{"embeddable":true,"href":"https:\/\/ppgartes.eba.ufmg.br\/index.php?rest_route=\/wp\/v2\/users\/1"}],"replies":[{"embeddable":true,"href":"https:\/\/ppgartes.eba.ufmg.br\/index.php?rest_route=%2Fwp%2Fv2%2Fcomments&post=1426"}],"version-history":[{"count":2,"href":"https:\/\/ppgartes.eba.ufmg.br\/index.php?rest_route=\/wp\/v2\/posts\/1426\/revisions"}],"predecessor-version":[{"id":1429,"href":"https:\/\/ppgartes.eba.ufmg.br\/index.php?rest_route=\/wp\/v2\/posts\/1426\/revisions\/1429"}],"wp:attachment":[{"href":"https:\/\/ppgartes.eba.ufmg.br\/index.php?rest_route=%2Fwp%2Fv2%2Fmedia&parent=1426"}],"wp:term":[{"taxonomy":"category","embeddable":true,"href":"https:\/\/ppgartes.eba.ufmg.br\/index.php?rest_route=%2Fwp%2Fv2%2Fcategories&post=1426"},{"taxonomy":"post_tag","embeddable":true,"href":"https:\/\/ppgartes.eba.ufmg.br\/index.php?rest_route=%2Fwp%2Fv2%2Ftags&post=1426"}],"curies":[{"name":"wp","href":"https:\/\/api.w.org\/{rel}","templated":true}]}}