{"id":143,"date":"2013-04-11T12:44:30","date_gmt":"2013-04-11T12:44:30","guid":{"rendered":"http:\/\/www.eba.ufmg.br\/pos\/?p=143"},"modified":"2013-04-11T12:44:30","modified_gmt":"2013-04-11T12:44:30","slug":"coloquio-movimentos-interdisciplinares-corpo-gesto-e-cognicao","status":"publish","type":"post","link":"https:\/\/ppgartes.eba.ufmg.br\/?p=143","title":{"rendered":"Col\u00f3quio Movimentos Interdisciplinares: Corpo, Gesto e Cogni\u00e7\u00e3o"},"content":{"rendered":"<p>Dan\u00e7a &#8211; Teatro &#8211; M\u00fasica  -Neuroci\u00eancias \u2028 -Lingu\u00edstica \u2013 Comunica\u00e7\u00e3o &#8211; Medicina<br \/>\n12 e 13 de Abril, de 9 \u00e0s 18 horas \u2013 Escola de Belas Artes  UFMG.<br \/>\nO Col\u00f3quio \u00e9 uma realiza\u00e7\u00e3o do GESTOlab.LECCAC, dentro de suas atividades no  PPG ARTES UFMG<\/p>\n","protected":false},"excerpt":{"rendered":"<p>Dan\u00e7a &#8211; Teatro &#8211; M\u00fasica -Neuroci\u00eancias \u2028 -Lingu\u00edstica \u2013 Comunica\u00e7\u00e3o &#8211; Medicina 12 e 13 de Abril, de 9 \u00e0s 18 horas \u2013 Escola de Belas Artes UFMG. O Col\u00f3quio \u00e9 uma realiza\u00e7\u00e3o do GESTOlab.LECCAC, dentro de suas atividades no PPG ARTES UFMG<\/p>\n","protected":false},"author":1,"featured_media":0,"comment_status":"open","ping_status":"open","sticky":false,"template":"","format":"standard","meta":{"footnotes":""},"categories":[1],"tags":[],"class_list":["post-143","post","type-post","status-publish","format-standard","hentry","category-sem-categoria"],"_links":{"self":[{"href":"https:\/\/ppgartes.eba.ufmg.br\/index.php?rest_route=\/wp\/v2\/posts\/143","targetHints":{"allow":["GET"]}}],"collection":[{"href":"https:\/\/ppgartes.eba.ufmg.br\/index.php?rest_route=\/wp\/v2\/posts"}],"about":[{"href":"https:\/\/ppgartes.eba.ufmg.br\/index.php?rest_route=\/wp\/v2\/types\/post"}],"author":[{"embeddable":true,"href":"https:\/\/ppgartes.eba.ufmg.br\/index.php?rest_route=\/wp\/v2\/users\/1"}],"replies":[{"embeddable":true,"href":"https:\/\/ppgartes.eba.ufmg.br\/index.php?rest_route=%2Fwp%2Fv2%2Fcomments&post=143"}],"version-history":[{"count":1,"href":"https:\/\/ppgartes.eba.ufmg.br\/index.php?rest_route=\/wp\/v2\/posts\/143\/revisions"}],"predecessor-version":[{"id":147,"href":"https:\/\/ppgartes.eba.ufmg.br\/index.php?rest_route=\/wp\/v2\/posts\/143\/revisions\/147"}],"wp:attachment":[{"href":"https:\/\/ppgartes.eba.ufmg.br\/index.php?rest_route=%2Fwp%2Fv2%2Fmedia&parent=143"}],"wp:term":[{"taxonomy":"category","embeddable":true,"href":"https:\/\/ppgartes.eba.ufmg.br\/index.php?rest_route=%2Fwp%2Fv2%2Fcategories&post=143"},{"taxonomy":"post_tag","embeddable":true,"href":"https:\/\/ppgartes.eba.ufmg.br\/index.php?rest_route=%2Fwp%2Fv2%2Ftags&post=143"}],"curies":[{"name":"wp","href":"https:\/\/api.w.org\/{rel}","templated":true}]}}