{"id":1430,"date":"2014-09-11T18:07:32","date_gmt":"2014-09-11T18:07:32","guid":{"rendered":"http:\/\/www.eba.ufmg.br\/pos\/?p=1430"},"modified":"2014-09-12T16:38:24","modified_gmt":"2014-09-12T16:38:24","slug":"23o-encontro-nacional-da-associacao-nacional-de-pesquisadores-em-artes-plasticas","status":"publish","type":"post","link":"https:\/\/ppgartes.eba.ufmg.br\/?p=1430","title":{"rendered":"23\u00ba Encontro Nacional da Associa\u00e7\u00e3o Nacional de Pesquisadores em Artes Pl\u00e1sticas"},"content":{"rendered":"<p><a ref=\"magnificPopup\" href=\"https:\/\/ppgartes.eba.ufmg.br\/wp-content\/uploads\/2014\/09\/20140911-ExposicaoNaSuperficie.jpg\"><img loading=\"lazy\" decoding=\"async\" class=\"aligncenter size-full wp-image-1434\" title=\"20140911-ExposicaoNaSuperficie\" src=\"https:\/\/ppgartes.eba.ufmg.br\/wp-content\/uploads\/2014\/09\/20140911-ExposicaoNaSuperficie.jpg\" alt=\"\" width=\"496\" height=\"567\" srcset=\"https:\/\/ppgartes.eba.ufmg.br\/wp-content\/uploads\/2014\/09\/20140911-ExposicaoNaSuperficie.jpg 496w, https:\/\/ppgartes.eba.ufmg.br\/wp-content\/uploads\/2014\/09\/20140911-ExposicaoNaSuperficie-262x300.jpg 262w\" sizes=\"auto, (max-width: 496px) 100vw, 496px\" \/><\/a><\/p>\n<p>O 23\u00ba Encontro Nacional da Associa\u00e7\u00e3o Nacional de Pesquisadores em Artes Pl\u00e1sticas \u2013 ANPAP \u2014 ser\u00e1 realizado em Belo Horizonte, entre 15 e 19 de setembro 2014. Ter\u00e1 uma organiza\u00e7\u00e3o multiforme, compreendendo F\u00f3rum de Coordenadores de P\u00f3s-Gradua\u00e7\u00e3o e de Gradua\u00e7\u00e3o, Confer\u00eancias Nacionais e Internacionais, Comit\u00eas, Simp\u00f3sios e Se\u00e7\u00f5es de Inicia\u00e7\u00e3o Cient\u00edfica. A coordena\u00e7\u00e3o do encontro tem a coordena\u00e7\u00e3o da Professora e Pesquisadora da Escola de Belas Artes da UFMG L\u00facia Pimentel. \u00a0Veja toda a programa\u00e7\u00e3o no \u00a0site: \u00a0www.anpap.org.br\/<\/p>\n<p>A exposi\u00e7\u00e3o \u201cNa Superf\u00edcie | Trabalhos sobre Papel\u201d ser\u00e1 realizada em paralelo ao evento, na Galeria da Escola Guignard, com abertura prevista para o dia 16 de setembro de 2014, \u00e0s 21 horas\u2014 ap\u00f3s a palestra do Fil\u00f3sofo e Historiador Francisco Jarauta \u2014 seguindo at\u00e9 30 de Setembro. Para este encontro, o Comit\u00ea de Po\u00e9ticas Visuais da ANPAP realizar\u00e1 a exposi\u00e7\u00e3o com alguns artistas pesquisadores em artes pl\u00e1sticas, membros do PPGArtes da UFMG e da Escola Guignard.<\/p>\n","protected":false},"excerpt":{"rendered":"<p>O 23\u00ba Encontro Nacional da Associa\u00e7\u00e3o Nacional de Pesquisadores em Artes Pl\u00e1sticas \u2013 ANPAP \u2014 ser\u00e1 realizado em Belo Horizonte, entre 15 e 19 de setembro 2014. Ter\u00e1 uma organiza\u00e7\u00e3o multiforme, compreendendo F\u00f3rum de Coordenadores de P\u00f3s-Gradua\u00e7\u00e3o e de Gradua\u00e7\u00e3o, Confer\u00eancias Nacionais e Internacionais, Comit\u00eas, Simp\u00f3sios e Se\u00e7\u00f5es de Inicia\u00e7\u00e3o Cient\u00edfica. A coordena\u00e7\u00e3o do encontro&#8230;<\/p>\n","protected":false},"author":1,"featured_media":0,"comment_status":"closed","ping_status":"closed","sticky":false,"template":"","format":"standard","meta":{"footnotes":""},"categories":[1],"tags":[],"class_list":["post-1430","post","type-post","status-publish","format-standard","hentry","category-sem-categoria"],"_links":{"self":[{"href":"https:\/\/ppgartes.eba.ufmg.br\/index.php?rest_route=\/wp\/v2\/posts\/1430","targetHints":{"allow":["GET"]}}],"collection":[{"href":"https:\/\/ppgartes.eba.ufmg.br\/index.php?rest_route=\/wp\/v2\/posts"}],"about":[{"href":"https:\/\/ppgartes.eba.ufmg.br\/index.php?rest_route=\/wp\/v2\/types\/post"}],"author":[{"embeddable":true,"href":"https:\/\/ppgartes.eba.ufmg.br\/index.php?rest_route=\/wp\/v2\/users\/1"}],"replies":[{"embeddable":true,"href":"https:\/\/ppgartes.eba.ufmg.br\/index.php?rest_route=%2Fwp%2Fv2%2Fcomments&post=1430"}],"version-history":[{"count":4,"href":"https:\/\/ppgartes.eba.ufmg.br\/index.php?rest_route=\/wp\/v2\/posts\/1430\/revisions"}],"predecessor-version":[{"id":1433,"href":"https:\/\/ppgartes.eba.ufmg.br\/index.php?rest_route=\/wp\/v2\/posts\/1430\/revisions\/1433"}],"wp:attachment":[{"href":"https:\/\/ppgartes.eba.ufmg.br\/index.php?rest_route=%2Fwp%2Fv2%2Fmedia&parent=1430"}],"wp:term":[{"taxonomy":"category","embeddable":true,"href":"https:\/\/ppgartes.eba.ufmg.br\/index.php?rest_route=%2Fwp%2Fv2%2Fcategories&post=1430"},{"taxonomy":"post_tag","embeddable":true,"href":"https:\/\/ppgartes.eba.ufmg.br\/index.php?rest_route=%2Fwp%2Fv2%2Ftags&post=1430"}],"curies":[{"name":"wp","href":"https:\/\/api.w.org\/{rel}","templated":true}]}}