{"id":1454,"date":"2014-09-19T17:22:40","date_gmt":"2014-09-19T17:22:40","guid":{"rendered":"http:\/\/www.eba.ufmg.br\/pos\/?p=1454"},"modified":"2014-09-19T17:22:40","modified_gmt":"2014-09-19T17:22:40","slug":"8a-primavera-do-museus","status":"publish","type":"post","link":"https:\/\/ppgartes.eba.ufmg.br\/?p=1454","title":{"rendered":"8\u00aa Primavera do Museus"},"content":{"rendered":"<p><a ref=\"magnificPopup\" href=\"https:\/\/ppgartes.eba.ufmg.br\/wp-content\/uploads\/2014\/09\/destaque.png\"><img loading=\"lazy\" decoding=\"async\" class=\"aligncenter size-full wp-image-1455\" title=\"destaque\" src=\"https:\/\/ppgartes.eba.ufmg.br\/wp-content\/uploads\/2014\/09\/destaque.png\" alt=\"\" width=\"480\" height=\"240\" srcset=\"https:\/\/ppgartes.eba.ufmg.br\/wp-content\/uploads\/2014\/09\/destaque.png 480w, https:\/\/ppgartes.eba.ufmg.br\/wp-content\/uploads\/2014\/09\/destaque-300x150.png 300w\" sizes=\"auto, (max-width: 480px) 100vw, 480px\" \/><\/a><\/p>\n<p>A 8\u00aa edi\u00e7\u00e3o da Primavera dos Museus, evento\u00a0coordenado pelo Instituto Brasileiro de Museus (Ibram), acontece de 22 a 28 de setembro em v\u00e1rias institui\u00e7\u00f5es museol\u00f3gicas espalhadas pelo pa\u00eds.\u00a0Participando da programa\u00e7\u00e3o, a\u00a0Funda\u00e7\u00e3o Municipal de Cultura preparou uma agenda diversificada, que re\u00fane visitas sensoriais, exposi\u00e7\u00f5es, oficinas, palestras, espet\u00e1culos musicais e teatrais.<\/p>\n<p>Acontecimento relevante para o interc\u00e2mbio de experi\u00eancias e conhecimentos, a Primavera dos Museus este ano conta com a participa\u00e7\u00e3o de 761 institui\u00e7\u00f5es e contempla mais de 2.400 atividades. O conceito de criatividade que norteia o encontro retoma a discuss\u00e3o sobre os desafios da atua\u00e7\u00e3o interdisciplinar nos museus para a efetiva comunica\u00e7\u00e3o com as comunidades e reafirma a necessidade de se reinventarem, a fim de cumprir seus objetivos na vida dos cidad\u00e3os, da sociedade e do pa\u00eds.<\/p>\n<p>Confira a programa\u00e7\u00e3o da FMC na Primavera de Museus:\u00a0<a href=\"https:\/\/ppgartes.eba.ufmg.br\/wp-content\/uploads\/2014\/09\/primaverademuseusoficial.pdf\">primaverademuseusoficial<\/a><\/p>\n<p>&nbsp;<\/p>\n<p>&nbsp;<\/p>\n","protected":false},"excerpt":{"rendered":"<p>A 8\u00aa edi\u00e7\u00e3o da Primavera dos Museus, evento\u00a0coordenado pelo Instituto Brasileiro de Museus (Ibram), acontece de 22 a 28 de setembro em v\u00e1rias institui\u00e7\u00f5es museol\u00f3gicas espalhadas pelo pa\u00eds.\u00a0Participando da programa\u00e7\u00e3o, a\u00a0Funda\u00e7\u00e3o Municipal de Cultura preparou uma agenda diversificada, que re\u00fane visitas sensoriais, exposi\u00e7\u00f5es, oficinas, palestras, espet\u00e1culos musicais e teatrais. Acontecimento relevante para o interc\u00e2mbio de&#8230;<\/p>\n","protected":false},"author":1,"featured_media":0,"comment_status":"closed","ping_status":"closed","sticky":false,"template":"","format":"standard","meta":{"footnotes":""},"categories":[1],"tags":[],"class_list":["post-1454","post","type-post","status-publish","format-standard","hentry","category-sem-categoria"],"_links":{"self":[{"href":"https:\/\/ppgartes.eba.ufmg.br\/index.php?rest_route=\/wp\/v2\/posts\/1454","targetHints":{"allow":["GET"]}}],"collection":[{"href":"https:\/\/ppgartes.eba.ufmg.br\/index.php?rest_route=\/wp\/v2\/posts"}],"about":[{"href":"https:\/\/ppgartes.eba.ufmg.br\/index.php?rest_route=\/wp\/v2\/types\/post"}],"author":[{"embeddable":true,"href":"https:\/\/ppgartes.eba.ufmg.br\/index.php?rest_route=\/wp\/v2\/users\/1"}],"replies":[{"embeddable":true,"href":"https:\/\/ppgartes.eba.ufmg.br\/index.php?rest_route=%2Fwp%2Fv2%2Fcomments&post=1454"}],"version-history":[{"count":2,"href":"https:\/\/ppgartes.eba.ufmg.br\/index.php?rest_route=\/wp\/v2\/posts\/1454\/revisions"}],"predecessor-version":[{"id":1458,"href":"https:\/\/ppgartes.eba.ufmg.br\/index.php?rest_route=\/wp\/v2\/posts\/1454\/revisions\/1458"}],"wp:attachment":[{"href":"https:\/\/ppgartes.eba.ufmg.br\/index.php?rest_route=%2Fwp%2Fv2%2Fmedia&parent=1454"}],"wp:term":[{"taxonomy":"category","embeddable":true,"href":"https:\/\/ppgartes.eba.ufmg.br\/index.php?rest_route=%2Fwp%2Fv2%2Fcategories&post=1454"},{"taxonomy":"post_tag","embeddable":true,"href":"https:\/\/ppgartes.eba.ufmg.br\/index.php?rest_route=%2Fwp%2Fv2%2Ftags&post=1454"}],"curies":[{"name":"wp","href":"https:\/\/api.w.org\/{rel}","templated":true}]}}