{"id":1702,"date":"2014-12-15T09:19:42","date_gmt":"2014-12-15T09:19:42","guid":{"rendered":"http:\/\/www.eba.ufmg.br\/pos\/?p=1702"},"modified":"2014-12-15T09:19:42","modified_gmt":"2014-12-15T09:19:42","slug":"concurso-uemg-para-professor-efetivo-todos-os-niveis-da-carreira","status":"publish","type":"post","link":"https:\/\/ppgartes.eba.ufmg.br\/?p=1702","title":{"rendered":"CONCURSO UEMG  PARA PROFESSOR EFETIVO TODOS OS N\u00cdVEIS DA CARREIRA"},"content":{"rendered":"<div style=\"text-align: justify;\">A\u00a0Universidade Estadual de Minas Gerais (UEMG)\u00a0abriu concurso que visa preencher 568 postos de docentes de\u00a0n\u00edvel superior. Do total de vagas abertas, 131 s\u00e3o para a fun\u00e7\u00e3o de\u00a0professor\u00a0n\u00edvel I; 273 s\u00e3o para professor n\u00edvel IV e 164 s\u00e3o para a ocupa\u00e7\u00e3o de professor n\u00edvel IV.<\/div>\n<div style=\"text-align: justify;\"><\/div>\n<div style=\"text-align: justify;\">Para se candidatar para a ocupa\u00e7\u00e3o de\u00a0professor de n\u00edvel I\u00a0\u00e9 preciso que o candidato tenha gradua\u00e7\u00e3o e uma especializa\u00e7\u00e3o na \u00e1rea\/disciplina para qual estiver se inscrevendo. Diploma de n\u00edvel superior e\u00a0mestrado\u00a0s\u00e3o exigidos para o cargo de\u00a0professor n\u00edvel IV. J\u00e1 para a fun\u00e7\u00e3o de\u00a0professor n\u00edvel VI, s\u00e3o pedidos diploma de gradua\u00e7\u00e3o e de\u00a0doutorado.<\/div>\n<div style=\"text-align: justify;\"><\/div>\n<div style=\"text-align: justify;\">Mais informa\u00e7\u00f5es no\u00a0<a href=\"https:\/\/ppgartes.eba.ufmg.br\/wp-content\/uploads\/2014\/12\/Edital-do-Concurso.pdf\">Edital do Concurso<\/a>.<\/div>\n","protected":false},"excerpt":{"rendered":"<p>A\u00a0Universidade Estadual de Minas Gerais (UEMG)\u00a0abriu concurso que visa preencher 568 postos de docentes de\u00a0n\u00edvel superior. Do total de vagas abertas, 131 s\u00e3o para a fun\u00e7\u00e3o de\u00a0professor\u00a0n\u00edvel I; 273 s\u00e3o para professor n\u00edvel IV e 164 s\u00e3o para a ocupa\u00e7\u00e3o de professor n\u00edvel IV. Para se candidatar para a ocupa\u00e7\u00e3o de\u00a0professor de n\u00edvel I\u00a0\u00e9 preciso&#8230;<\/p>\n","protected":false},"author":1,"featured_media":0,"comment_status":"closed","ping_status":"closed","sticky":false,"template":"","format":"standard","meta":{"footnotes":""},"categories":[1],"tags":[],"class_list":["post-1702","post","type-post","status-publish","format-standard","hentry","category-sem-categoria"],"_links":{"self":[{"href":"https:\/\/ppgartes.eba.ufmg.br\/index.php?rest_route=\/wp\/v2\/posts\/1702","targetHints":{"allow":["GET"]}}],"collection":[{"href":"https:\/\/ppgartes.eba.ufmg.br\/index.php?rest_route=\/wp\/v2\/posts"}],"about":[{"href":"https:\/\/ppgartes.eba.ufmg.br\/index.php?rest_route=\/wp\/v2\/types\/post"}],"author":[{"embeddable":true,"href":"https:\/\/ppgartes.eba.ufmg.br\/index.php?rest_route=\/wp\/v2\/users\/1"}],"replies":[{"embeddable":true,"href":"https:\/\/ppgartes.eba.ufmg.br\/index.php?rest_route=%2Fwp%2Fv2%2Fcomments&post=1702"}],"version-history":[{"count":2,"href":"https:\/\/ppgartes.eba.ufmg.br\/index.php?rest_route=\/wp\/v2\/posts\/1702\/revisions"}],"predecessor-version":[{"id":1705,"href":"https:\/\/ppgartes.eba.ufmg.br\/index.php?rest_route=\/wp\/v2\/posts\/1702\/revisions\/1705"}],"wp:attachment":[{"href":"https:\/\/ppgartes.eba.ufmg.br\/index.php?rest_route=%2Fwp%2Fv2%2Fmedia&parent=1702"}],"wp:term":[{"taxonomy":"category","embeddable":true,"href":"https:\/\/ppgartes.eba.ufmg.br\/index.php?rest_route=%2Fwp%2Fv2%2Fcategories&post=1702"},{"taxonomy":"post_tag","embeddable":true,"href":"https:\/\/ppgartes.eba.ufmg.br\/index.php?rest_route=%2Fwp%2Fv2%2Ftags&post=1702"}],"curies":[{"name":"wp","href":"https:\/\/api.w.org\/{rel}","templated":true}]}}