{"id":6933,"date":"2021-05-18T18:34:41","date_gmt":"2021-05-18T18:34:41","guid":{"rendered":"https:\/\/eba.ufmg.br\/pos\/?p=6933"},"modified":"2021-07-16T03:11:18","modified_gmt":"2021-07-16T03:11:18","slug":"vaga-para-estagiario-area-de-informatica","status":"publish","type":"post","link":"https:\/\/ppgartes.eba.ufmg.br\/?p=6933","title":{"rendered":"Vaga para Estagi\u00e1rio &#8211; \u00c1rea de Inform\u00e1tica"},"content":{"rendered":"\n<p>Est\u00e3o abertas as inscri\u00e7\u00f5es para o processo Seletivo para Contrata\u00e7\u00e3o de Estagi\u00e1rio &#8211; \u00e1rea de inform\u00e1tica.<\/p>\n\n\n\n<p><strong>Inscri\u00e7\u00f5es: at\u00e9 dia 24\/05<\/strong><\/p>\n\n\n\n<p>(Enviar e-mail para : ppgartes-administrativo@eba.ufmg.br com o t\u00edtulo: <u>Est\u00e1<\/u>g<u>io Inform\u00e1tica SIGEPE EDITAL N\u00ba 544\/2021\/EBA-CPGART-UFMG &nbsp;<\/u>anexando: a) Curriculum Vitae; b) Extrato de Integraliza\u00e7\u00e3o Curricular (que pode ser retirado pelo SIGA).<\/p>\n\n\n\n<p><strong>Vagas: 1 + cadastro de reserva<\/strong><\/p>\n\n\n\n<p><strong>Bolsa: R$787,98<\/strong><\/p>\n\n\n\n<p><strong>Carga hor\u00e1ria: 20 horas semanais<\/strong><\/p>\n\n\n\n<p><strong>Pr\u00e9-requisitos<\/strong>: ser aluno de Gradua\u00e7\u00e3o da UFMG (a partir do 4\u00ba per\u00edodo, preferencialmente) dos cursos de Sistemas de Informa\u00e7\u00e3o ou Ci\u00eancias da Computa\u00e7\u00e3o. (O aluno n\u00e3o pode colar grau antes de dezembro de 2021).<\/p>\n\n\n\n<p>Trabalho remoto, enquanto durar a pandemia.<\/p>\n\n\n\n<p><a href=\"https:\/\/ppgartes.eba.ufmg.br\/wp-content\/uploads\/2021\/05\/Termo-aditivo-Edital-Estagi\u00e1rio-Informatica.pdf\">Termo aditivo &#8211; Edital Estagi\u00e1rio &#8211; Informatica<\/a><br><a href=\"https:\/\/ppgartes.eba.ufmg.br\/wp-content\/uploads\/2021\/05\/Edital-544-Est\u00e1gio-Inform\u00e1tica.pdf\">Edital 544 &#8211; Est\u00e1gio Inform\u00e1tica<\/a><\/p>\n","protected":false},"excerpt":{"rendered":"<p>Est\u00e3o abertas as inscri\u00e7\u00f5es para o processo Seletivo para Contrata\u00e7\u00e3o de Estagi\u00e1rio &#8211; \u00e1rea de inform\u00e1tica.<\/p>\n<p><strong>Inscri\u00e7\u00f5es: at\u00e9 dia 24\/05<\/strong><\/p>\n<p>(Enviar e-mail para : ppgartes-administrativo@eba.ufmg.br com o t\u00edtulo: <u>Est\u00e1<\/u>g<u>io Info&#8230;<\/p>\n","protected":false},"author":1,"featured_media":0,"comment_status":"closed","ping_status":"closed","sticky":false,"template":"","format":"standard","meta":{"footnotes":""},"categories":[1],"tags":[],"class_list":["post-6933","post","type-post","status-publish","format-standard","hentry","category-sem-categoria"],"_links":{"self":[{"href":"https:\/\/ppgartes.eba.ufmg.br\/index.php?rest_route=\/wp\/v2\/posts\/6933","targetHints":{"allow":["GET"]}}],"collection":[{"href":"https:\/\/ppgartes.eba.ufmg.br\/index.php?rest_route=\/wp\/v2\/posts"}],"about":[{"href":"https:\/\/ppgartes.eba.ufmg.br\/index.php?rest_route=\/wp\/v2\/types\/post"}],"author":[{"embeddable":true,"href":"https:\/\/ppgartes.eba.ufmg.br\/index.php?rest_route=\/wp\/v2\/users\/1"}],"replies":[{"embeddable":true,"href":"https:\/\/ppgartes.eba.ufmg.br\/index.php?rest_route=%2Fwp%2Fv2%2Fcomments&post=6933"}],"version-history":[{"count":4,"href":"https:\/\/ppgartes.eba.ufmg.br\/index.php?rest_route=\/wp\/v2\/posts\/6933\/revisions"}],"predecessor-version":[{"id":7186,"href":"https:\/\/ppgartes.eba.ufmg.br\/index.php?rest_route=\/wp\/v2\/posts\/6933\/revisions\/7186"}],"wp:attachment":[{"href":"https:\/\/ppgartes.eba.ufmg.br\/index.php?rest_route=%2Fwp%2Fv2%2Fmedia&parent=6933"}],"wp:term":[{"taxonomy":"category","embeddable":true,"href":"https:\/\/ppgartes.eba.ufmg.br\/index.php?rest_route=%2Fwp%2Fv2%2Fcategories&post=6933"},{"taxonomy":"post_tag","embeddable":true,"href":"https:\/\/ppgartes.eba.ufmg.br\/index.php?rest_route=%2Fwp%2Fv2%2Ftags&post=6933"}],"curies":[{"name":"wp","href":"https:\/\/api.w.org\/{rel}","templated":true}]}}