{"id":7371,"date":"2021-09-30T20:51:52","date_gmt":"2021-09-30T20:51:52","guid":{"rendered":"https:\/\/eba.ufmg.br\/pos\/?p=7371"},"modified":"2021-10-15T19:11:31","modified_gmt":"2021-10-15T19:11:31","slug":"i-coloquio-discente-do-ppg-artes-eba-ufmg","status":"publish","type":"post","link":"https:\/\/ppgartes.eba.ufmg.br\/?p=7371","title":{"rendered":"I COL\u00d3QUIO DISCENTE DO PPG-ARTES EBA\/UFMG"},"content":{"rendered":"\n<p>\/\/\/ I COL\u00d3QUIO DISCENTE DO PPG-ARTES EBA\/UFMG \\\\<\/p>\n\n\n\n<p>De 18 a 22 de outubro de 2021 ser\u00e1 realizado o I Col\u00f3quio Discente do PPG-Artes EBA\/UFMG.<br>Nesta postagem, divulgamos parte da programa\u00e7\u00e3o do evento, que contar\u00e1 com treze mesas e ser\u00e1 transmitido ao vivo pelo canal do PPG no Youtube.<\/p>\n\n\n\n<p>Para acessar as transmiss\u00f5es das mesas, basta acessar o canal nos dias e hor\u00e1rios indicados na programa\u00e7\u00e3o.<\/p>\n\n\n\n<p><strong>Dia 1<\/strong>: (18\/10 &#8211; 19h): https:\/\/youtu.be\/GCTqNZLuGYM<\/p>\n\n\n\n<p><strong>Dia 2<\/strong>: (18\/10 &#8211; 10h) (1\/3): https:\/\/youtu.be\/e2dV04qQ6_c<br>\u00a0 \u00a0 \u00a0 \u00a0 \u00a0  (18\/10 &#8211; 14h)\u00a0(2\/3): https:\/\/youtu.be\/NmYi7VdLDN8<br>\u00a0 \u00a0 \u00a0 \u00a0 \u00a0  (18\/10 &#8211; 16h)\u00a0(3\/3): https:\/\/youtu.be\/64Rrk9zAq5U<\/p>\n\n\n\n<p><strong>Dia 3<\/strong>: (18\/10 &#8211; 10h) (1\/3): https:\/\/youtu.be\/UDVOZEZJ6Ak<br>\u00a0 \u00a0 \u00a0 \u00a0 \u00a0  (18\/10 &#8211; 14h)\u00a0(2\/3): https:\/\/youtu.be\/RjdJVC5QdCQ<br>\u00a0 \u00a0 \u00a0 \u00a0 \u00a0  (18\/10 &#8211; 16h)\u00a0(3\/3): https:\/\/youtu.be\/FfpsWr6Hb3Y<\/p>\n\n\n\n<p><strong>Dia 4:\u00a0<\/strong>(18\/10 &#8211; 10h) (1\/3): https:\/\/youtu.be\/W9xqmF5dZB0<br>\u00a0 \u00a0 \u00a0 \u00a0 \u00a0 \u00a0(18\/10 &#8211; 14h)\u00a0(2\/3): https:\/\/youtu.be\/ckvs9VmnZkU<br>\u00a0 \u00a0 \u00a0 \u00a0 \u00a0\u00a0 (18\/10 &#8211; 16h)\u00a0(3\/3): https:\/\/youtu.be\/c_f4XBN7LLo<\/p>\n\n\n\n<p><strong>Dia 5<\/strong>:\u00a0(18\/10 &#8211; 10h) (1\/3): https:\/\/youtu.be\/HKzpV6_z-oA<br>\u00a0 \u00a0 \u00a0 \u00a0  \u00a0 (18\/10 &#8211; 14h)\u00a0(2\/3): https:\/\/youtu.be\/TEg04_m6x3Q<br>\u00a0 \u00a0 \u00a0 \u00a0  \u00a0 (18\/10 &#8211; 16h)\u00a0(3\/3): https:\/\/youtu.be\/IarK0vNSCfw<\/p>\n\n\n\n<div class=\"wp-block-file\"><a href=\"https:\/\/ppgartes.eba.ufmg.br\/wp-content\/uploads\/2021\/09\/Documento-de-Pedro-Luis.pdf\">&nbsp; &nbsp; &nbsp; &nbsp;PROGRAMA\u00c7\u00c3O COL\u00d3QUIO DISCENTE<\/a><a href=\"https:\/\/ppgartes.eba.ufmg.br\/wp-content\/uploads\/2021\/09\/Documento-de-Pedro-Luis.pdf\" class=\"wp-block-file__button\" download>Baixar<\/a><\/div>\n\n\n\n<!--more-->\n\n\n\n<p>Comiss\u00e3o organizadora:<br>B\u00e1rbara Schall (linha de pesquisa Artes Visuais)<br>Bruna Emanuele (linha de pesquisa Artes Visuais)<br>Carol Biasuz (linha de pesquisa Artes Visuais)<br>Juliana Alecrim (linha de pesquisa Artes Visuais)<br>Marconi Drummond (linha de pesquisa Artes Visuais)<br>Maria Vaz (linha de pesquisa Artes Visuais)<br>Moema Pascoini (linha de pesquisa Cinema)<br>Nat\u00e1lia Rezende (linha de pesquisa Artes Visuais)<br>Rachel Le\u00e3o (linha de pesquisa Artes Visuais)<br>Rafael Perp\u00e9tuo (linha de pesquisa Artes Visuais)<br>R\u00edzzia Rocha (linha de pesquisa Artes Visuais)<\/p>\n\n\n\n<p>Para d\u00favidas ou informa\u00e7\u00f5es: coloquioppgartes@gmail.com<\/p>\n","protected":false},"excerpt":{"rendered":"<p>\/\/\/ I COL\u00d3QUIO DISCENTE DO PPG-ARTES EBA\/UFMG \\\\ De 18 a 22 de outubro de 2021 ser\u00e1 realizado o I Col\u00f3quio Discente do PPG-Artes EBA\/UFMG.Nesta postagem, divulgamos parte da programa\u00e7\u00e3o do evento, que contar\u00e1 com treze mesas e ser\u00e1 transmitido ao vivo pelo canal do PPG no Youtube. Para acessar as transmiss\u00f5es das mesas, basta&#8230;<\/p>\n","protected":false},"author":1,"featured_media":0,"comment_status":"closed","ping_status":"closed","sticky":false,"template":"","format":"standard","meta":{"footnotes":""},"categories":[1],"tags":[],"class_list":["post-7371","post","type-post","status-publish","format-standard","hentry","category-sem-categoria"],"_links":{"self":[{"href":"https:\/\/ppgartes.eba.ufmg.br\/index.php?rest_route=\/wp\/v2\/posts\/7371","targetHints":{"allow":["GET"]}}],"collection":[{"href":"https:\/\/ppgartes.eba.ufmg.br\/index.php?rest_route=\/wp\/v2\/posts"}],"about":[{"href":"https:\/\/ppgartes.eba.ufmg.br\/index.php?rest_route=\/wp\/v2\/types\/post"}],"author":[{"embeddable":true,"href":"https:\/\/ppgartes.eba.ufmg.br\/index.php?rest_route=\/wp\/v2\/users\/1"}],"replies":[{"embeddable":true,"href":"https:\/\/ppgartes.eba.ufmg.br\/index.php?rest_route=%2Fwp%2Fv2%2Fcomments&post=7371"}],"version-history":[{"count":5,"href":"https:\/\/ppgartes.eba.ufmg.br\/index.php?rest_route=\/wp\/v2\/posts\/7371\/revisions"}],"predecessor-version":[{"id":7403,"href":"https:\/\/ppgartes.eba.ufmg.br\/index.php?rest_route=\/wp\/v2\/posts\/7371\/revisions\/7403"}],"wp:attachment":[{"href":"https:\/\/ppgartes.eba.ufmg.br\/index.php?rest_route=%2Fwp%2Fv2%2Fmedia&parent=7371"}],"wp:term":[{"taxonomy":"category","embeddable":true,"href":"https:\/\/ppgartes.eba.ufmg.br\/index.php?rest_route=%2Fwp%2Fv2%2Fcategories&post=7371"},{"taxonomy":"post_tag","embeddable":true,"href":"https:\/\/ppgartes.eba.ufmg.br\/index.php?rest_route=%2Fwp%2Fv2%2Ftags&post=7371"}],"curies":[{"name":"wp","href":"https:\/\/api.w.org\/{rel}","templated":true}]}}