{"id":7408,"date":"2021-10-18T17:57:56","date_gmt":"2021-10-18T17:57:56","guid":{"rendered":"https:\/\/eba.ufmg.br\/pos\/?p=7408"},"modified":"2021-10-25T20:38:48","modified_gmt":"2021-10-25T20:38:48","slug":"chamada-para-matricula-em-disciplinas-isoladas-2021-2","status":"publish","type":"post","link":"https:\/\/ppgartes.eba.ufmg.br\/?p=7408","title":{"rendered":"Chamada para matr\u00edcula em disciplinas isoladas 2021.2"},"content":{"rendered":"\n<p><strong>Exig\u00eancias:<br><\/strong>Exist\u00eancia de vaga<br>Ser aprovado pelo Professor da disciplina<br>N\u00e3o ser aluno de cursos de Gradua\u00e7\u00e3o ou de P\u00f3s-gradua\u00e7\u00e3o da UFMG<\/p>\n\n\n\n<p><br><strong>Documenta\u00e7\u00e3o:<br><\/strong><em>Curr\u00edculo<\/em>, acompanhado de c\u00f3pia de diplomas que tiver;<br>Hist\u00f3rico escolar ou documento equivalente;<br>C\u00f3pia da c\u00e9dula de identidade;<br>Se estrangeiro, c\u00f3pia do passaporte com visto tempor\u00e1rio de estudante ou<br>permanente v\u00e1lidos,<br>C\u00f3pia do CPF;<br>C\u00f3pia do \u00faltimo contra-cheque e autoriza\u00e7\u00e3o da chefia, <span style=\"text-decoration: underline;\">no caso de servidor<br>da UFMG.<\/span><br>Justificativa (Texto com detalhamento da solicita\u00e7\u00e3o direcionado ao<br>professor de cada disciplina)<\/p>\n\n\n\n<p><br><strong>Procedimento:<br>Data de solicita\u00e7\u00e3o de inscri\u00e7\u00e3o:&nbsp;20 e 21\/10\/2021<br>LOCAL:&nbsp;&nbsp;<\/strong><em><a href=\"https:\/\/forms.gle\/X4eprqbjQ6zjEsKKA\">Formulario<\/a><\/em><br><strong>HOR\u00c1RIO:<\/strong>&nbsp; a partir das 16h do dia 20\/10&nbsp; at\u00e9 \u00e0s 23:59h do dia 21\/10\/2021<\/p>\n\n\n\n<p>Preencher o formul\u00e1rio de requerimento e separar a documenta\u00e7\u00e3o exigida em PDFs separados.<br>Cada candidato pode solicitar inscri\u00e7\u00e3o em at\u00e9 3 disciplinas. Para isto, deve apresentar justificativas especificas para cada disciplina e garantir que est\u00e1 inscrito nas 3.<\/p>\n\n\n\n<!--more-->\n\n\n\n<p><br><strong>CADASTRO E MATR\u00cdCULA<br><\/strong>O\u00a0<strong>resultado\u00a0<\/strong>ser\u00e1 publicado em nosso site no dia\u00a0<strong>25\u00a0de outubro de 2021, a<br>partir de 19 horas.<\/strong>\u00a0O requerente que obtiver deferimento dever\u00e1 efetuar<br>\u00a0a\u00a0<strong>matr\u00edcula\u00a0<\/strong>atrav\u00e9s do email ppgartes-administrativo@eba.ufmg.br, nos<br>dias<strong>\u00a025 e 26 de outubro de 2021. \u00c9 necess\u00e1rio o envio do comprovante<br>do pagamento da GRU.<\/strong><\/p>\n\n\n\n<p><strong>*Se for estrangeiro<\/strong>, o candidato aprovado dever\u00e1 solicitar informa\u00e7\u00f5es<br>atrav\u00e9s do email: ppgartes-administrativo@eba.ufmg.br<br><strong>Observa\u00e7\u00e3o:<\/strong> O requerente que obtiver deferimento receber\u00e1&nbsp;<strong>somente 01 (um) n\u00famero<br>de matr\u00edcula<\/strong>&nbsp;e pagar\u00e1&nbsp;<strong>apenas uma taxa<\/strong>, para&nbsp;<strong>at\u00e9 03 (tr\u00eas) disciplinas.<\/strong><\/p>\n\n\n\n<p><br>a) Gerar\u00a0<strong>Guia de Recolhimento da Uni\u00e3o (GRU)<\/strong>\u00a0pela<br>internet: <a href=\"https:\/\/sistemas.ufmg.br\/sisarc\/emissaogru\/gerir\/geriremissaogru.seam?codigo=9YA6pJts3\" data-type=\"URL\" data-id=\"https:\/\/sistemas.ufmg.br\/sisarc\/emissaogru\/gerir\/geriremissaogru.seam?codigo=9YA6pJts3\"><span class=\"has-inline-color has-vivid-red-color\">Gerar GRU<\/span><\/a><br><br>b) Preencher o formul\u00e1rio informando os seguintes dados:<br><\/p>\n\n\n\n<figure class=\"wp-block-table\"><table><tbody><tr><td><strong>CPF\/CNPJ:<\/strong><\/td><td> <strong>Digitar o n\u00famero do CPF de quem cursar\u00e1 a disciplina isolada<\/strong> <\/td><\/tr><tr><td><strong>Nome do Contribuinte:<\/strong><\/td><td> <strong>Nome da pessoa que cursar\u00e1 a disciplina isolada<\/strong><\/td><\/tr><tr><td><strong>Compet\u00eancia:<\/strong><\/td><td> <strong>M\u00eas da matr\u00edcula \/ ano de oferta da disciplina<\/strong><\/td><\/tr><tr><td><strong>Data do Vencimento:<\/strong> <\/td><td> <strong>Data para efetuar o pagamento<\/strong><\/td><\/tr><tr><td><strong>Valor Principal:<\/strong> <\/td><td><strong>Valor da taxa de disciplina isolada R$ 194,57<\/strong><\/td><\/tr><tr><td><strong>Valor Total:<\/strong><\/td><td><strong>Repetir o valor da taxa de disciplina isolada R$ 194,57<\/strong><\/td><\/tr><tr><td>Clicar em\u00a0<strong>GERAR\u00a0GRU<\/strong><\/td><td><\/td><\/tr><\/tbody><\/table><\/figure>\n\n\n\n<p><strong>ATEN\u00c7\u00c3O: Antes de efetuar o pagamento da taxa de matr\u00edcula<br>verifique se sua matr\u00edcula foi aceita. Alunos com v\u00ednculo em<br>cursos&nbsp;(Gradua\u00e7\u00e3o e P\u00f3s-gradua\u00e7\u00e3o)&nbsp;da UFMG n\u00e3o poder\u00e3o solicitar<br>matr\u00edcula em disciplina isolada. <span style=\"text-decoration: underline;\">Em hip\u00f3tese alguma ser\u00e1 devolvida a<br>taxa de matr\u00edcula.<\/span><\/strong><\/p>\n","protected":false},"excerpt":{"rendered":"<p>Exig\u00eancias:Exist\u00eancia de vagaSer aprovado pelo Professor da disciplinaN\u00e3o ser aluno de cursos de Gradua\u00e7\u00e3o ou de P\u00f3s-gradua\u00e7\u00e3o da UFMG Documenta\u00e7\u00e3o:Curr\u00edculo, acompanhado de c\u00f3pia de diplomas que tiver;Hist\u00f3rico escolar ou documento equivalente;C\u00f3pia da c\u00e9dula de identidade;Se estrangeiro, c\u00f3pia do passaporte com visto tempor\u00e1rio de estudante oupermanente v\u00e1lidos,C\u00f3pia do CPF;C\u00f3pia do \u00faltimo contra-cheque e autoriza\u00e7\u00e3o da chefia,&#8230;<\/p>\n","protected":false},"author":1,"featured_media":0,"comment_status":"closed","ping_status":"closed","sticky":false,"template":"","format":"standard","meta":{"footnotes":""},"categories":[1],"tags":[19],"class_list":["post-7408","post","type-post","status-publish","format-standard","hentry","category-sem-categoria","tag-disciplinas"],"_links":{"self":[{"href":"https:\/\/ppgartes.eba.ufmg.br\/index.php?rest_route=\/wp\/v2\/posts\/7408","targetHints":{"allow":["GET"]}}],"collection":[{"href":"https:\/\/ppgartes.eba.ufmg.br\/index.php?rest_route=\/wp\/v2\/posts"}],"about":[{"href":"https:\/\/ppgartes.eba.ufmg.br\/index.php?rest_route=\/wp\/v2\/types\/post"}],"author":[{"embeddable":true,"href":"https:\/\/ppgartes.eba.ufmg.br\/index.php?rest_route=\/wp\/v2\/users\/1"}],"replies":[{"embeddable":true,"href":"https:\/\/ppgartes.eba.ufmg.br\/index.php?rest_route=%2Fwp%2Fv2%2Fcomments&post=7408"}],"version-history":[{"count":5,"href":"https:\/\/ppgartes.eba.ufmg.br\/index.php?rest_route=\/wp\/v2\/posts\/7408\/revisions"}],"predecessor-version":[{"id":7424,"href":"https:\/\/ppgartes.eba.ufmg.br\/index.php?rest_route=\/wp\/v2\/posts\/7408\/revisions\/7424"}],"wp:attachment":[{"href":"https:\/\/ppgartes.eba.ufmg.br\/index.php?rest_route=%2Fwp%2Fv2%2Fmedia&parent=7408"}],"wp:term":[{"taxonomy":"category","embeddable":true,"href":"https:\/\/ppgartes.eba.ufmg.br\/index.php?rest_route=%2Fwp%2Fv2%2Fcategories&post=7408"},{"taxonomy":"post_tag","embeddable":true,"href":"https:\/\/ppgartes.eba.ufmg.br\/index.php?rest_route=%2Fwp%2Fv2%2Ftags&post=7408"}],"curies":[{"name":"wp","href":"https:\/\/api.w.org\/{rel}","templated":true}]}}