{"id":8457,"date":"2022-11-07T14:04:56","date_gmt":"2022-11-07T17:04:56","guid":{"rendered":"https:\/\/ppgartes.eba.ufmg.br\/?p=8457"},"modified":"2022-11-07T14:04:56","modified_gmt":"2022-11-07T17:04:56","slug":"tese-do-ppg-artes-e-agraciada-com-o-premio-ufmg-de-teses","status":"publish","type":"post","link":"https:\/\/ppgartes.eba.ufmg.br\/?p=8457","title":{"rendered":"Tese do PPG Artes \u00e9 agraciada com o Pr\u00eamio UFMG de Teses"},"content":{"rendered":"<p>A tese de Ad\u00e9lia Aparecida da Silva Carvalho, orientada pela Profa. Marina Marcondes Machado, foi agraciada pelo Pr\u00eamio de Teses da UFMG 2022 em cerim\u00f4nia no dia 20 de outubro.<\/p>\n<p style=\"font-weight: 400;\">Intitulada<strong> CASAS DRAMAT\u00daRGICAS &#8211;\u00a0<\/strong>Material criativo para ensino de dramaturgia, a\u00a0tese prop\u00f5e a constru\u00e7\u00e3o de um material para ensino de dramaturgia com base em uma reflex\u00e3o sobre o processo de forma\u00e7\u00e3o da autora, num percurso autobiogr\u00e1fico, atrav\u00e9s das casas habitadas. Desenvolvendo procedimentos de <em>escrita de si<\/em> reconhece como produ\u00e7\u00e3o de conhecimento a pr\u00f3pria escrita, enquanto mulher\/negra\/dramaturga apresentando um material que se constr\u00f3i a partir da elabora\u00e7\u00e3o de cartas convidando a escrita dramat\u00fargica para al\u00e9m das regras estabelecidas pelo drama tradicional.<\/p>\n<p><img loading=\"lazy\" decoding=\"async\" class=\"alignnone size-medium wp-image-8458\" src=\"https:\/\/ppgartes.eba.ufmg.br\/wp-content\/uploads\/2022\/11\/Divulgacao-Marina-com-Adelia-225x300.jpeg\" alt=\"\" width=\"225\" height=\"300\" srcset=\"https:\/\/ppgartes.eba.ufmg.br\/wp-content\/uploads\/2022\/11\/Divulgacao-Marina-com-Adelia-225x300.jpeg 225w, https:\/\/ppgartes.eba.ufmg.br\/wp-content\/uploads\/2022\/11\/Divulgacao-Marina-com-Adelia-768x1024.jpeg 768w, https:\/\/ppgartes.eba.ufmg.br\/wp-content\/uploads\/2022\/11\/Divulgacao-Marina-com-Adelia.jpeg 1200w\" sizes=\"auto, (max-width: 225px) 100vw, 225px\" \/><\/p>\n<p>Profa. Marina Machado que recebeu o pr\u00eamio em nome da autora<\/p>\n<p><img loading=\"lazy\" decoding=\"async\" class=\"alignnone size-medium wp-image-8459\" src=\"https:\/\/ppgartes.eba.ufmg.br\/wp-content\/uploads\/2022\/11\/Adelia-Carvalho-foto-300DPI-Creditos-Dois-na-foto-200x300.jpg\" alt=\"\" width=\"200\" height=\"300\" srcset=\"https:\/\/ppgartes.eba.ufmg.br\/wp-content\/uploads\/2022\/11\/Adelia-Carvalho-foto-300DPI-Creditos-Dois-na-foto-200x300.jpg 200w, https:\/\/ppgartes.eba.ufmg.br\/wp-content\/uploads\/2022\/11\/Adelia-Carvalho-foto-300DPI-Creditos-Dois-na-foto-683x1024.jpg 683w, https:\/\/ppgartes.eba.ufmg.br\/wp-content\/uploads\/2022\/11\/Adelia-Carvalho-foto-300DPI-Creditos-Dois-na-foto-scaled.jpg 1707w\" sizes=\"auto, (max-width: 200px) 100vw, 200px\" \/><\/p>\n<p>A autora Ad\u00e9lia Aparecida da Silva Carvalho<\/p>\n","protected":false},"excerpt":{"rendered":"<p>A tese de Ad\u00e9lia Aparecida da Silva Carvalho, orientada pela Profa. Marina Marcondes Machado, foi agraciada pelo Pr\u00eamio de Teses da UFMG 2022 em cerim\u00f4nia no dia 20 de outubro. Intitulada CASAS DRAMAT\u00daRGICAS &#8211;\u00a0Material criativo para ensino de dramaturgia, a\u00a0tese prop\u00f5e a constru\u00e7\u00e3o de um material para ensino de dramaturgia com base em uma reflex\u00e3o&#8230;<\/p>\n","protected":false},"author":1,"featured_media":8460,"comment_status":"open","ping_status":"open","sticky":false,"template":"","format":"standard","meta":{"footnotes":""},"categories":[1],"tags":[],"class_list":["post-8457","post","type-post","status-publish","format-standard","has-post-thumbnail","hentry","category-sem-categoria"],"_links":{"self":[{"href":"https:\/\/ppgartes.eba.ufmg.br\/index.php?rest_route=\/wp\/v2\/posts\/8457","targetHints":{"allow":["GET"]}}],"collection":[{"href":"https:\/\/ppgartes.eba.ufmg.br\/index.php?rest_route=\/wp\/v2\/posts"}],"about":[{"href":"https:\/\/ppgartes.eba.ufmg.br\/index.php?rest_route=\/wp\/v2\/types\/post"}],"author":[{"embeddable":true,"href":"https:\/\/ppgartes.eba.ufmg.br\/index.php?rest_route=\/wp\/v2\/users\/1"}],"replies":[{"embeddable":true,"href":"https:\/\/ppgartes.eba.ufmg.br\/index.php?rest_route=%2Fwp%2Fv2%2Fcomments&post=8457"}],"version-history":[{"count":2,"href":"https:\/\/ppgartes.eba.ufmg.br\/index.php?rest_route=\/wp\/v2\/posts\/8457\/revisions"}],"predecessor-version":[{"id":8462,"href":"https:\/\/ppgartes.eba.ufmg.br\/index.php?rest_route=\/wp\/v2\/posts\/8457\/revisions\/8462"}],"wp:featuredmedia":[{"embeddable":true,"href":"https:\/\/ppgartes.eba.ufmg.br\/index.php?rest_route=\/wp\/v2\/media\/8460"}],"wp:attachment":[{"href":"https:\/\/ppgartes.eba.ufmg.br\/index.php?rest_route=%2Fwp%2Fv2%2Fmedia&parent=8457"}],"wp:term":[{"taxonomy":"category","embeddable":true,"href":"https:\/\/ppgartes.eba.ufmg.br\/index.php?rest_route=%2Fwp%2Fv2%2Fcategories&post=8457"},{"taxonomy":"post_tag","embeddable":true,"href":"https:\/\/ppgartes.eba.ufmg.br\/index.php?rest_route=%2Fwp%2Fv2%2Ftags&post=8457"}],"curies":[{"name":"wp","href":"https:\/\/api.w.org\/{rel}","templated":true}]}}