{"id":8464,"date":"2022-11-15T14:07:09","date_gmt":"2022-11-15T17:07:09","guid":{"rendered":"https:\/\/ppgartes.eba.ufmg.br\/?p=8464"},"modified":"2022-11-18T08:24:52","modified_gmt":"2022-11-18T11:24:52","slug":"coloquio-encruzilhadas-friccoes-e-dissensos-na-arte-colaborativa","status":"publish","type":"post","link":"https:\/\/ppgartes.eba.ufmg.br\/?p=8464","title":{"rendered":"Col\u00f3quio Encruzilhadas, fric\u00e7\u00f5es e dissensos na Arte Colaborativa"},"content":{"rendered":"<p>Col\u00f3quio Encruzilhadas, fric\u00e7\u00f5es e dissensos na Arte Colaborativa<\/p>\n<div>Nos dias 23 e 24 de novembro, R\u00edzzia Rocha e Marcelo Wasem, docentes da<br \/>\nPPG Artes UFMG, convidam Bruno Vilela, Catarina Maruaia, Elisa Campos e Daniel<br \/>\nCarvalho para o \u201cCol\u00f3quio Encruzilhadas, Fric\u00e7\u00f5es e Dissensos na Arte Colaborativa\u201d.O evento ainda conta com a visita ao MUQUIFU, Museu dos Quilombos e Favelas\u00a0Urbanas.<\/div>\n<div>\n<p>Cronograma<\/p>\n<p>23\/11\/22 \u2013 9h-12h<\/p>\n<p>Visita ao Muquifu Museus dos Quilombos e Favelas Urbanos.<\/p>\n<p>\u2013 14h-18h<\/p>\n<p>Tema: Pr\u00e1ticas art\u00edsticas friccionantes e o dissenso<br \/>\nMarcelo Wasem (UFMG\/UFSB) + Bruno Vilela (mestrando UFMG) + Catarina Maruaia<br \/>\n(mestranda UFMG)<\/p>\n<p>24\/11\/22 \u2013 9h-13h<\/p>\n<p>Tema: Arte p\u00fablica ou arte no espa\u00e7o p\u00fablico?<br \/>\nR\u00edzzia Rocha (UFMG) + Elisa Campos (UFMG) + Daniel Carvalho (CEFET-MG)<br \/>\nLocal: CAD2 sala C515<br \/>\nInscri\u00e7\u00f5es limitadas: acesse o linktr.ee\/encruzifriccoes<br \/>\nEvento presencial<\/p>\n<p><img loading=\"lazy\" decoding=\"async\" class=\"alignnone size-medium wp-image-8483\" src=\"https:\/\/ppgartes.eba.ufmg.br\/wp-content\/uploads\/2022\/11\/RELEASE-1-221x300.png\" alt=\"\" width=\"221\" height=\"300\" srcset=\"https:\/\/ppgartes.eba.ufmg.br\/wp-content\/uploads\/2022\/11\/RELEASE-1-221x300.png 221w, https:\/\/ppgartes.eba.ufmg.br\/wp-content\/uploads\/2022\/11\/RELEASE-1-754x1024.png 754w\" sizes=\"auto, (max-width: 221px) 100vw, 221px\" \/><\/p>\n<\/div>\n","protected":false},"excerpt":{"rendered":"<p>Col\u00f3quio Encruzilhadas, fric\u00e7\u00f5es e dissensos na Arte Colaborativa Nos dias 23 e 24 de novembro, R\u00edzzia Rocha e Marcelo Wasem, docentes da PPG Artes UFMG, convidam Bruno Vilela, Catarina Maruaia, Elisa Campos e Daniel Carvalho para o \u201cCol\u00f3quio Encruzilhadas, Fric\u00e7\u00f5es e Dissensos na Arte Colaborativa\u201d.O evento ainda conta com a visita ao MUQUIFU, Museu dos&#8230;<\/p>\n","protected":false},"author":1,"featured_media":8189,"comment_status":"open","ping_status":"open","sticky":false,"template":"","format":"standard","meta":{"footnotes":""},"categories":[1],"tags":[],"class_list":["post-8464","post","type-post","status-publish","format-standard","has-post-thumbnail","hentry","category-sem-categoria"],"_links":{"self":[{"href":"https:\/\/ppgartes.eba.ufmg.br\/index.php?rest_route=\/wp\/v2\/posts\/8464","targetHints":{"allow":["GET"]}}],"collection":[{"href":"https:\/\/ppgartes.eba.ufmg.br\/index.php?rest_route=\/wp\/v2\/posts"}],"about":[{"href":"https:\/\/ppgartes.eba.ufmg.br\/index.php?rest_route=\/wp\/v2\/types\/post"}],"author":[{"embeddable":true,"href":"https:\/\/ppgartes.eba.ufmg.br\/index.php?rest_route=\/wp\/v2\/users\/1"}],"replies":[{"embeddable":true,"href":"https:\/\/ppgartes.eba.ufmg.br\/index.php?rest_route=%2Fwp%2Fv2%2Fcomments&post=8464"}],"version-history":[{"count":5,"href":"https:\/\/ppgartes.eba.ufmg.br\/index.php?rest_route=\/wp\/v2\/posts\/8464\/revisions"}],"predecessor-version":[{"id":8482,"href":"https:\/\/ppgartes.eba.ufmg.br\/index.php?rest_route=\/wp\/v2\/posts\/8464\/revisions\/8482"}],"wp:featuredmedia":[{"embeddable":true,"href":"https:\/\/ppgartes.eba.ufmg.br\/index.php?rest_route=\/wp\/v2\/media\/8189"}],"wp:attachment":[{"href":"https:\/\/ppgartes.eba.ufmg.br\/index.php?rest_route=%2Fwp%2Fv2%2Fmedia&parent=8464"}],"wp:term":[{"taxonomy":"category","embeddable":true,"href":"https:\/\/ppgartes.eba.ufmg.br\/index.php?rest_route=%2Fwp%2Fv2%2Fcategories&post=8464"},{"taxonomy":"post_tag","embeddable":true,"href":"https:\/\/ppgartes.eba.ufmg.br\/index.php?rest_route=%2Fwp%2Fv2%2Ftags&post=8464"}],"curies":[{"name":"wp","href":"https:\/\/api.w.org\/{rel}","templated":true}]}}