{"id":9825,"date":"2025-03-28T08:54:35","date_gmt":"2025-03-28T11:54:35","guid":{"rendered":"https:\/\/ppgartes.eba.ufmg.br\/?p=9825"},"modified":"2025-03-28T08:54:35","modified_gmt":"2025-03-28T11:54:35","slug":"fabricio-fernandino-convida-o-publico-a-desvelar-o-duplo-sentido-conceitual-apresentado-em-suas-obras","status":"publish","type":"post","link":"https:\/\/ppgartes.eba.ufmg.br\/?p=9825","title":{"rendered":"Fabr\u00edcio Fernandino convida o p\u00fablico a desvelar o duplo sentido conceitual apresentado em suas obras"},"content":{"rendered":"<p class=\"western\" align=\"justify\"><span style=\"font-family: Calibri, Calibri, sans-serif;\"><span style=\"font-size: small;\"><span style=\"font-family: Cambria, serif;\"><span style=\"font-size: medium;\">A Escola de Belas Artes da UFMG convida para a abertura da exposi\u00e7\u00e3o individual <\/span><\/span><span style=\"font-family: Cambria, serif;\"><span style=\"font-size: medium;\"><b>\u2018Espa\u00e7os topol\u00f3gicos \u2013 Po\u00e9tica da forma\u2019<\/b><\/span><\/span><span style=\"font-family: Cambria, serif;\"><span style=\"font-size: medium;\">, do escultor e professor <\/span><\/span><span style=\"font-family: Cambria, serif;\"><span style=\"font-size: medium;\"><b>Fabr\u00edcio Fernandino<\/b><\/span><\/span><span style=\"font-family: Cambria, serif;\"><span style=\"font-size: medium;\">. A mostra apresenta um fragmento de um amplo conjunto de obras executadas pelo artista nos \u00faltimos anos, com destaque para a pintura, o desenho e, sobretudo, as esculturas em madeira reciclada, produ\u00e7\u00f5es que tamb\u00e9m envolvem metal, pedra e vidro, resultando em um trabalho sens\u00edvel e elaborado. <\/span><\/span><span style=\"font-family: Cambria, serif;\"><span style=\"font-size: medium;\">O evento acontece no dia 03 de abril de 2025, quinta-feira, \u00e0s 19 horas.<\/span><\/span><span style=\"font-family: Cambria, serif;\"><span style=\"font-size: medium;\"> As obras poder\u00e3o ser vistas at\u00e9 25 de abril de 2025. <\/span><\/span><span style=\"font-family: Cambria, serif;\"><span style=\"font-size: medium;\">A entrada \u00e9 gratuita e tem classifica\u00e7\u00e3o livre.<\/span><\/span><\/span><\/span><\/p>\n<p class=\"western\" align=\"justify\"><span style=\"font-family: Cambria, serif;\"><span style=\"font-size: medium;\"><b>Sobre a exposi\u00e7\u00e3o<\/b><\/span><\/span><\/p>\n<p class=\"western\" align=\"justify\">\u2018<span style=\"font-family: Calibri, Calibri, sans-serif;\"><span style=\"font-size: small;\"><span style=\"font-family: Cambria, serif;\"><span style=\"font-size: medium;\">Espa\u00e7os topol\u00f3gicos\u2019 \u00e9 o t\u00edtulo dado a uma s\u00e9rie que Fabr\u00edcio Fernandino iniciou no ano de 2005, atrav\u00e9s de in\u00fameros esbo\u00e7os e anota\u00e7\u00f5es em cadernos de registros, associados a um forte e crescente desejo de trabalhar a madeira, mat\u00e9ria que sempre apreciou. A partir de 2010 alguns desses projetos sa\u00edram do papel e se tornaram esculturas, criadas intensamente nos \u00faltimos quatro anos, entre 2020 e 2024, momento em que o escultor se isolou e obteve o sil\u00eancio e o distanciamento necess\u00e1rio para se envolver com esse material que considera magn\u00edfico. <\/span><\/span><\/span><\/span><\/p>\n<p class=\"western\" align=\"justify\"><span style=\"font-family: Calibri, Calibri, sans-serif;\"><span style=\"font-size: small;\"><span style=\"font-family: Cambria, serif;\"><span style=\"font-size: medium;\">Segundo o artista, a madeira requer muito mais que habilidades t\u00e9cnicas para ser trabalhada, \u00e9 um material que ainda est\u00e1 em processo de transforma\u00e7\u00e3o, uma vez que foi um ser vivo e ainda abriga a vida em seu interior numa escala microsc\u00f3pica. Ele descreve que cada propriedade da madeira responde de uma forma diferenciada ao trabalho do escultor. \u201cSuas fibras, seus veios, sua textura e cor, at\u00e9 seu cheiro, devem ser respeitados e valorizados. Cada madeira \u00e9 um universo. Trabalhar a madeira exige mais que habilidades t\u00e9cnicas, exige afeto\u201d, expressa.<\/span><\/span><\/span><\/span><\/p>\n<p class=\"western\" align=\"justify\"><span style=\"font-family: Calibri, Calibri, sans-serif;\"><span style=\"font-size: small;\"><span style=\"font-family: Cambria, serif;\"><span style=\"font-size: medium;\">Por uma quest\u00e3o de \u00e9tica ambiental, Fabr\u00edcio optou por trabalhar com madeira reciclada, colada e montada \u2012 reaproveitamento de restos de obras civis, de materiais de demoli\u00e7\u00e3o, refugos de madeireiras e, at\u00e9 mesmo, restos em decomposi\u00e7\u00e3o encontrados na natureza. \u201cO que era descart\u00e1vel assume uma beleza inesperada e nos apresenta como resultado final a eleg\u00e2ncia e dignidade caracter\u00edstica deste material\u201d, declara.<\/span><\/span><\/span><\/span><\/p>\n<p class=\"western\" align=\"justify\"><span style=\"font-family: Calibri, Calibri, sans-serif;\"><span style=\"font-size: small;\"><span style=\"font-family: Cambria, serif;\"><span style=\"font-size: medium;\">O escultor relata que foi estimulante o desafio da pr\u00e1tica, a qual o levou a buscar solu\u00e7\u00f5es e desenvolver tecnologias para este novo processo construtivo. Ele explica que cada produ\u00e7\u00e3o exigia uma engenharia diferenciada, dispositivos para colagens, adesivos espec\u00edficos, m\u00e1quinas operatrizes precisas e acabamentos que eram definidos conforme a qualidade da madeira, em respeito \u00e0s caracter\u00edsticas e delicadezas do material.<\/span><\/span><\/span><\/span><\/p>\n<p class=\"western\" align=\"justify\"><span style=\"font-family: Calibri, Calibri, sans-serif;\"><span style=\"font-size: small;\"><span style=\"font-family: Cambria, serif;\"><span style=\"font-size: medium;\">O artista afirma que esta tem sido uma s\u00e9rie mais intimista, afeita ao carinho do tato e ao sentimento do olhar. \u201cAs formas, sempre geom\u00e9tricas, t\u00eam como ponto de partida o quadrado, que avoluma, e o c\u00edrculo, em desdobramentos esf\u00e9ricos. O quadrado \u00e9 algo demasiadamente humano e o c\u00edrculo algo infinitamente universal. Com as in\u00fameras e crescentes possibilidades a obra persevera. Ela est\u00e1 em franco processo do fazer, segue. \u00c9 como um rio, vai cada vez mais profundo\u201d, manifesta.<\/span><\/span><\/span><\/span><\/p>\n<p class=\"western\" align=\"justify\"><span style=\"font-family: Calibri, Calibri, sans-serif;\"><span style=\"font-size: small;\"><span style=\"font-family: Cambria, serif;\"><span style=\"font-size: medium;\">Nesta exposi\u00e7\u00e3o realizada na Galeria da Escola de Belas Artes da UFMG, Fabr\u00edcio Fernandino apresenta apenas um fragmento de um amplo conjunto de obras j\u00e1 executadas. Suas produ\u00e7\u00f5es revelam um duplo sentido conceitual: um formal, matem\u00e1tico e est\u00e9tico, e o outro filos\u00f3fico e pol\u00edtico, potencializado pela montagem, onde o espectador \u00e9 convidado a desvelar as quest\u00f5es apresentadas. \u201c\u00c0s vezes somente a palavra n\u00e3o \u00e9 suficiente para traduzir sentimentos. O olhar e a imers\u00e3o s\u00e3o grandes aliados neste sentido\u201d, instiga o artista.<\/span><\/span><\/span><\/span><\/p>\n<p class=\"western\" align=\"justify\"><span style=\"font-family: Calibri, Calibri, sans-serif;\"><span style=\"font-size: small;\"><span style=\"font-family: Cambria, serif;\"><span style=\"font-size: medium;\"><b>Sobre o artista<\/b><\/span><\/span><\/span><\/span><\/p>\n<p class=\"western\" align=\"justify\"><span style=\"font-family: Calibri, Calibri, sans-serif;\"><span style=\"font-size: small;\"><span style=\"font-family: Cambria, serif;\"><span style=\"font-size: medium;\"><b>Fabr\u00edcio Fernandino<\/b><\/span><\/span><span style=\"font-family: Cambria, serif;\"><span style=\"font-size: medium;\"> \u00e9 escultor e professor de Escultura da Escola de Belas Artes da UFMG, desde 1992. \u00c9 Mestre e Doutor em Artes Visuais. Atua intensamente nas \u00e1reas art\u00edstica, acad\u00eamica e de extens\u00e3o, na UFMG, bem como em atividades ligadas ao ensino, \u00e0 pesquisa e orienta\u00e7\u00f5es. Coordena in\u00fameros projetos nacionais e internacionais, tendo participado de representa\u00e7\u00f5es dentro e fora da universidade. Como artista, tem atuado e desenvolvido trabalhos com \u00eanfase em arte ambiental, escultura, videoinstala\u00e7\u00e3o, fotografia, curadorias, a\u00e7\u00e3o cultural e resid\u00eancias art\u00edsticas. Foi Coordenador-Geral (2000 a 2011) e Curador do Festival de Inverno UFMG (2019 a 2021). Diretor de A\u00e7\u00e3o Cultural da UFMG, na gest\u00e3o 2002-2006. Diretor do MHNJB-UFMG, de 2006 a 2011. Atualmente \u00e9 Diretor do Centro Cultural UFMG, na gest\u00e3o 2018-2026.<\/span><\/span><\/span><\/span><\/p>\n<p class=\"western\" align=\"justify\"><span style=\"font-family: Calibri, Calibri, sans-serif;\"><span style=\"font-size: small;\"><span style=\"font-family: Cambria, serif;\"><span style=\"font-size: medium;\"><b>Exposi\u00e7\u00e3o individual<\/b><\/span><\/span><b> <\/b><span style=\"font-family: Cambria, serif;\"><span style=\"font-size: medium;\"><b>\u2018Espa\u00e7os topol\u00f3gicos \u2013 Po\u00e9tica da forma\u2019 \u2013 Fabr\u00edcio Fernandino<\/b><\/span><\/span><\/span><\/span><\/p>\n<p class=\"western\" align=\"justify\"><span style=\"font-family: Calibri, Calibri, sans-serif;\"><span style=\"font-size: small;\"><span style=\"font-family: Cambria, serif;\"><span style=\"font-size: medium;\">Abertura: 03 de abril de 2025| \u00e0s 19h<\/span><\/span><\/span><\/span><\/p>\n<p class=\"western\" align=\"justify\"><span style=\"font-family: Calibri, Calibri, sans-serif;\"><span style=\"font-size: small;\"><span style=\"font-family: Cambria, serif;\"><span style=\"font-size: medium;\">Visita\u00e7\u00e3o: at\u00e9 o dia 25\/04\/2025<\/span><\/span><\/span><\/span><\/p>\n<p class=\"western\" align=\"justify\"><span style=\"font-family: Calibri, Calibri, sans-serif;\"><span style=\"font-size: small;\"><span style=\"font-family: Cambria, serif;\"><span style=\"font-size: medium;\">Segunda a sexta: das 8h \u00e0s 22h<\/span><\/span><\/span><\/span><\/p>\n<p class=\"western\" align=\"justify\"><span style=\"font-family: Cambria, serif;\"><span style=\"font-size: medium;\">Galeria da Escola de Belas Artes da UFMG<\/span><\/span><\/p>\n<p class=\"western\" align=\"justify\"><span style=\"font-family: Calibri, Calibri, sans-serif;\"><span style=\"font-size: small;\"><span style=\"font-family: Cambria, serif;\"><span style=\"font-size: medium;\">Classifica\u00e7\u00e3o indicativa: livre<\/span><\/span><\/span><\/span><\/p>\n<p class=\"western\" align=\"justify\"><span style=\"font-family: Cambria, serif;\"><span style=\"font-size: medium;\">Entrada gratuita<\/span><\/span><\/p>\n<p align=\"justify\"><a href=\"https:\/\/ppgartes.eba.ufmg.br\/wp-content\/uploads\/2025\/03\/catalogo-Virtual.pdf\">catalogo-Virtual<\/a><\/p>\n","protected":false},"excerpt":{"rendered":"<p>A Escola de Belas Artes da UFMG convida para a abertura da exposi\u00e7\u00e3o individual \u2018Espa\u00e7os topol\u00f3gicos \u2013 Po\u00e9tica da forma\u2019, do escultor e professor Fabr\u00edcio Fernandino. A mostra apresenta um fragmento de um amplo conjunto de obras executadas pelo artista nos \u00faltimos anos, com destaque para a pintura, o desenho e, sobretudo, as esculturas em&#8230;<\/p>\n","protected":false},"author":1,"featured_media":9827,"comment_status":"open","ping_status":"open","sticky":false,"template":"","format":"standard","meta":{"footnotes":""},"categories":[1],"tags":[],"class_list":["post-9825","post","type-post","status-publish","format-standard","has-post-thumbnail","hentry","category-sem-categoria"],"_links":{"self":[{"href":"https:\/\/ppgartes.eba.ufmg.br\/index.php?rest_route=\/wp\/v2\/posts\/9825","targetHints":{"allow":["GET"]}}],"collection":[{"href":"https:\/\/ppgartes.eba.ufmg.br\/index.php?rest_route=\/wp\/v2\/posts"}],"about":[{"href":"https:\/\/ppgartes.eba.ufmg.br\/index.php?rest_route=\/wp\/v2\/types\/post"}],"author":[{"embeddable":true,"href":"https:\/\/ppgartes.eba.ufmg.br\/index.php?rest_route=\/wp\/v2\/users\/1"}],"replies":[{"embeddable":true,"href":"https:\/\/ppgartes.eba.ufmg.br\/index.php?rest_route=%2Fwp%2Fv2%2Fcomments&post=9825"}],"version-history":[{"count":1,"href":"https:\/\/ppgartes.eba.ufmg.br\/index.php?rest_route=\/wp\/v2\/posts\/9825\/revisions"}],"predecessor-version":[{"id":9828,"href":"https:\/\/ppgartes.eba.ufmg.br\/index.php?rest_route=\/wp\/v2\/posts\/9825\/revisions\/9828"}],"wp:featuredmedia":[{"embeddable":true,"href":"https:\/\/ppgartes.eba.ufmg.br\/index.php?rest_route=\/wp\/v2\/media\/9827"}],"wp:attachment":[{"href":"https:\/\/ppgartes.eba.ufmg.br\/index.php?rest_route=%2Fwp%2Fv2%2Fmedia&parent=9825"}],"wp:term":[{"taxonomy":"category","embeddable":true,"href":"https:\/\/ppgartes.eba.ufmg.br\/index.php?rest_route=%2Fwp%2Fv2%2Fcategories&post=9825"},{"taxonomy":"post_tag","embeddable":true,"href":"https:\/\/ppgartes.eba.ufmg.br\/index.php?rest_route=%2Fwp%2Fv2%2Ftags&post=9825"}],"curies":[{"name":"wp","href":"https:\/\/api.w.org\/{rel}","templated":true}]}}