{"id":9973,"date":"2025-06-23T13:12:32","date_gmt":"2025-06-23T16:12:32","guid":{"rendered":"https:\/\/ppgartes.eba.ufmg.br\/?p=9973"},"modified":"2025-06-23T13:12:32","modified_gmt":"2025-06-23T16:12:32","slug":"publicado-o-resultado-da-2a-etapa-do-processo-seletivo-2025","status":"publish","type":"post","link":"https:\/\/ppgartes.eba.ufmg.br\/?p=9973","title":{"rendered":"Publicado o resultado da 2\u00aa Etapa do Processo Seletivo 2025"},"content":{"rendered":"<p><a href=\"https:\/\/ppgartes.eba.ufmg.br\/wp-content\/uploads\/2025\/06\/Artes-da-Cena_2-Etapa_Regular-2025.pdf\">Artes da Cena_2 Etapa_Regular 2025<\/a><\/p>\n<p><a href=\"https:\/\/ppgartes.eba.ufmg.br\/wp-content\/uploads\/2025\/06\/Artes-Visuais_2-Etapa_Regular-2025.pdf\">Artes Visuais_2 Etapa_Regular 2025<\/a><\/p>\n<p><a href=\"https:\/\/ppgartes.eba.ufmg.br\/wp-content\/uploads\/2025\/06\/Cinema_2-Etapa_Regular-2025.pdf\">Cinema_2 Etapa_Regular 2025<\/a><\/p>\n<p><a href=\"https:\/\/ppgartes.eba.ufmg.br\/wp-content\/uploads\/2025\/06\/Ensino-Aprendizagem-em-Arte_2-Etapa_Regular-2025.pdf\">Ensino-Aprendizagem em Arte_2 Etapa_Regular 2025<\/a><\/p>\n<p><a href=\"https:\/\/ppgartes.eba.ufmg.br\/wp-content\/uploads\/2025\/06\/Ensino-Aprendizagem-em-Arte_2-Etapa_Suplementar-2025.pdf\">Ensino-Aprendizagem em Arte_2 Etapa_Suplementar 2025<\/a><\/p>\n<p><a href=\"https:\/\/ppgartes.eba.ufmg.br\/wp-content\/uploads\/2025\/06\/Poeticas-Tecnologicas_2-Etapa_Regular-2025.pdf\">Po\u00e9ticas Tecnol\u00f3gicas_2 Etapa_Regular 2025<\/a><\/p>\n<p><a href=\"https:\/\/ppgartes.eba.ufmg.br\/wp-content\/uploads\/2025\/06\/Preservacao-do-Patrimonio-Cultural_2-Etapa_Regular.pdf\">Preserva\u00e7\u00e3o do Patrim\u00f4nio Cultural_2 Etapa_Regular<\/a><\/p>\n","protected":false},"excerpt":{"rendered":"<p>Artes da Cena_2 Etapa_Regular 2025 Artes Visuais_2 Etapa_Regular 2025 Cinema_2 Etapa_Regular 2025 Ensino-Aprendizagem em Arte_2 Etapa_Regular 2025 Ensino-Aprendizagem em Arte_2 Etapa_Suplementar 2025 Po\u00e9ticas Tecnol\u00f3gicas_2 Etapa_Regular 2025 Preserva\u00e7\u00e3o do Patrim\u00f4nio Cultural_2 Etapa_Regular<\/p>\n","protected":false},"author":1,"featured_media":9747,"comment_status":"open","ping_status":"open","sticky":false,"template":"","format":"standard","meta":{"footnotes":""},"categories":[1],"tags":[],"class_list":["post-9973","post","type-post","status-publish","format-standard","has-post-thumbnail","hentry","category-sem-categoria"],"_links":{"self":[{"href":"https:\/\/ppgartes.eba.ufmg.br\/index.php?rest_route=\/wp\/v2\/posts\/9973","targetHints":{"allow":["GET"]}}],"collection":[{"href":"https:\/\/ppgartes.eba.ufmg.br\/index.php?rest_route=\/wp\/v2\/posts"}],"about":[{"href":"https:\/\/ppgartes.eba.ufmg.br\/index.php?rest_route=\/wp\/v2\/types\/post"}],"author":[{"embeddable":true,"href":"https:\/\/ppgartes.eba.ufmg.br\/index.php?rest_route=\/wp\/v2\/users\/1"}],"replies":[{"embeddable":true,"href":"https:\/\/ppgartes.eba.ufmg.br\/index.php?rest_route=%2Fwp%2Fv2%2Fcomments&post=9973"}],"version-history":[{"count":1,"href":"https:\/\/ppgartes.eba.ufmg.br\/index.php?rest_route=\/wp\/v2\/posts\/9973\/revisions"}],"predecessor-version":[{"id":9974,"href":"https:\/\/ppgartes.eba.ufmg.br\/index.php?rest_route=\/wp\/v2\/posts\/9973\/revisions\/9974"}],"wp:featuredmedia":[{"embeddable":true,"href":"https:\/\/ppgartes.eba.ufmg.br\/index.php?rest_route=\/wp\/v2\/media\/9747"}],"wp:attachment":[{"href":"https:\/\/ppgartes.eba.ufmg.br\/index.php?rest_route=%2Fwp%2Fv2%2Fmedia&parent=9973"}],"wp:term":[{"taxonomy":"category","embeddable":true,"href":"https:\/\/ppgartes.eba.ufmg.br\/index.php?rest_route=%2Fwp%2Fv2%2Fcategories&post=9973"},{"taxonomy":"post_tag","embeddable":true,"href":"https:\/\/ppgartes.eba.ufmg.br\/index.php?rest_route=%2Fwp%2Fv2%2Ftags&post=9973"}],"curies":[{"name":"wp","href":"https:\/\/api.w.org\/{rel}","templated":true}]}}